{"id":5996,"date":"2023-04-11T21:58:25","date_gmt":"2023-04-12T01:58:25","guid":{"rendered":"http:\/\/memoire.mile-end.qc.ca\/?p=5996"},"modified":"2023-04-23T17:31:37","modified_gmt":"2023-04-23T21:31:37","slug":"conference-le-mile-end-avant-lurbanisation-ruisseaux-chemins-tanneries-carrieres","status":"publish","type":"post","link":"http:\/\/memoire.mile-end.qc.ca\/fr\/conference-le-mile-end-avant-lurbanisation-ruisseaux-chemins-tanneries-carrieres\/","title":{"rendered":"Conf\u00e9rence\u00a0: Le Mile End avant l&#8217;urbanisation \u2013 ruisseaux, chemins, tanneries, carri\u00e8res"},"content":{"rendered":"<p><\/p>\n<h3>Une synth\u00e8se des connaissances sur la g\u00e9ographie physique et humaine du Mile End des 17e, 18e et 19e si\u00e8cles<\/h3>\n<p class=\"last-child\">Dimanche 23 avril 2023, 14 h<\/p>\n<div id=\"attachment_5997\" style=\"width: 610px\" class=\"wp-caption alignnone\"><a href=\"http:\/\/memoire.mile-end.qc.ca\/wp-content\/uploads\/montreal_in_1784.jpg\"><img aria-describedby=\"caption-attachment-5997\" loading=\"lazy\" class=\"wp-image-5997 size-medium\" src=\"http:\/\/memoire.mile-end.qc.ca\/wp-content\/uploads\/montreal_in_1784-600x418.jpg\" alt=\"\" width=\"600\" height=\"418\" srcset=\"http:\/\/memoire.mile-end.qc.ca\/wp-content\/uploads\/montreal_in_1784-600x418.jpg 600w, http:\/\/memoire.mile-end.qc.ca\/wp-content\/uploads\/montreal_in_1784-1024x713.jpg 1024w, http:\/\/memoire.mile-end.qc.ca\/wp-content\/uploads\/montreal_in_1784-768x535.jpg 768w, http:\/\/memoire.mile-end.qc.ca\/wp-content\/uploads\/montreal_in_1784-1536x1069.jpg 1536w, http:\/\/memoire.mile-end.qc.ca\/wp-content\/uploads\/montreal_in_1784.jpg 1625w\" sizes=\"(max-width: 600px) 100vw, 600px\" \/><\/a><p id=\"caption-attachment-5997\" class=\"wp-caption-text\">James Peachey, Montreal from the Mountain, 1784. Biblioth\u00e8que et Archives Canada, 2895302<\/p><\/div>\n<p>Nous avons quelques indices fragmentaires de pr\u00e9sence autochtone, une bonne id\u00e9e de la g\u00e9ologie du plateau \u00e0 l&#8217;est de la montagne, des hypoth\u00e8ses raisonnables sur les ruisseaux et cours d&#8217;eau, et une reconstruction plausible de l&#8217;\u00e9volution des axes routiers, de la propri\u00e9t\u00e9, et des activit\u00e9s \u00e9conomiques comme les p\u00e2turages, tanneries, carri\u00e8res et vergers. Portrait global de l&#8217;\u00e9volution de cet espace du nord de Montr\u00e9al avant son urbanisation.<\/p>\n<p><strong>Justin Bur<\/strong> est chercheur en histoire urbaine et doctorant en \u00e9tudes urbaines \u00e0 l&#8217;UQAM. Il est administrateur de M\u00e9moire du Mile End et des soci\u00e9t\u00e9s d&#8217;histoire avoisinantes: Plateau-Mont-Royal et Rosemont\u2013Petite-Patrie.<\/p>\n<p><strong>Dimanche 23 avril 2023,<\/strong> <strong>14 h<\/strong><br \/>\n<strong>Biblioth\u00e8que Mordecai-Richler<\/strong> (salle de conf\u00e9rences), 5434 avenue du Parc, H2V 4G7<\/p>\n<p class=\"last-child\">\u00c9v\u00e9nement gratuit. Inscription r\u00e9command\u00e9e mais non obligatoire, cliquer: <a href=\"https:\/\/www.eventbrite.ca\/e\/billets-le-mile-end-avant-lurbanisation-ruisseaux-chemins-tanneries-carrieres-615184803307\" target=\"_blank\" rel=\"noopener\">EventBrite<\/a><\/p>\n<hr \/>\n<h2>R\u00e9f\u00e9rences<\/h2>\n<ul>\n<li>Roland Tremblay (2006), <i>Les Iroquoiens du Saint-Laurent\u202f: peuple du ma\u00efs \/ The St. Lawrence Iroquoians\u202f: Corn People<\/i>. Montr\u00e9al\u00a0: \u00c9ditions de l\u2019Homme.<\/li>\n<li>Roland Viau (2021), <i>Gens du fleuve, gens de l\u2019\u00eele: Hochelaga en Laurentie iroquoienne au XVIe si\u00e8cle<\/i>. Montr\u00e9al (Qu\u00e9bec)\u00a0: Bor\u00e9al.<\/li>\n<li><a href=\"https:\/\/histoireplateau.org\/publications-histoire-plateau\/nos-conferences\/\">Pr\u00e9sentations \u00e0 la Soci\u00e9t\u00e9 d\u2019histoire du Plateau<\/a>:<br \/>\nMichel Lamothe, <i>Chroniques g\u00e9ologiques du Plateau Mont-Royal<\/i>, 17 novembre 2022<br \/>\nPierre J. H. Richard, <i>L\u2019histoire postglaciaire de la v\u00e9g\u00e9tation de la Mont\u00e9r\u00e9gie<\/i>,<br \/>\n16 f\u00e9vrier 2023<\/li>\n<li>Pierre B\u00e9dard (1998), <i>Excursion g\u00e9ologique au mont Royal<\/i> (site web)<br \/>\n<a href=\"http:\/\/www.pierrebedard.uqam.ca\/mont-Royal\/excursion_mt-royal.html\">http:\/\/www.pierrebedard.uqam.ca\/mont-Royal\/excursion_mt-royal.html<\/a><\/li>\n<li>Brad Loewen (2009), Le paysage bois\u00e9 et les modes d\u2019occupation de l\u2019\u00eele de Montr\u00e9al, du Sylvicole sup\u00e9rieur r\u00e9cent au XIXe si\u00e8cle. <i>Recherches am\u00e9rindiennes au Qu\u00e9bec<\/i>, 39(1-2), 5\u201321. <a href=\"https:\/\/www.erudit.org\/fr\/revues\/raq\/2009-v39-n1-2-raq3971\/044994ar\/\">https:\/\/www.erudit.org\/fr\/revues\/raq\/2009-v39-n1-2-raq3971\/044994ar\/<\/a><\/li>\n<li>T. H. Clark (1972), R\u00e9gion de Montr\u00e9al: rapport g\u00e9ologique 152, MRN Qu\u00e9bec<br \/>\n<a href=\"https:\/\/gq.mines.gouv.qc.ca\/documents\/EXAMINE\/RG152\/RG152.pdf\">https:\/\/gq.mines.gouv.qc.ca\/documents\/EXAMINE\/RG152\/RG152.pdf<\/a><\/li>\n<li>Val\u00e9rie Mahaut (2013\u20132018), U de M \u2013 <i>Cartographie des anciens cours d\u2019eau<\/i><br \/>\n<a href=\"https:\/\/papyrus.bib.umontreal.ca\/xmlui\/browse?type=author&amp;value=Mahaut,%20Val%C3%A9rie\">https:\/\/papyrus.bib.umontreal.ca\/xmlui\/browse?type=author&amp;value=Mahaut,%20Val\u00e9rie<\/a><\/li>\n<li>Pauline Desjardins (1999), th\u00e8se Ph.D (anthropologie), U de M<br \/>\n<i>L\u2019organisation spatiale du corridor du canal de Lachine au 19e si\u00e8cle<\/i><br \/>\n<a href=\"https:\/\/www.bac-lac.gc.ca\/eng\/services\/theses\/Pages\/item.aspx?idNumber=47117658\">https:\/\/www.bac-lac.gc.ca\/eng\/services\/theses\/Pages\/item.aspx?idNumber=47117658<\/a><\/li>\n<li>Mario Robert (2014), <i>Chronique Montr\u00e9alit\u00e9<\/i> no 18 : Br\u00e8ve histoire des ruisseaux de Montr\u00e9al \u2013 Archives de Montr\u00e9al<br \/>\n<a href=\"http:\/\/archivesdemontreal.com\/2014\/11\/03\/chronique-montrealite-no-18-breve-histoire-des-ruisseaux-de-montreal\/\">http:\/\/archivesdemontreal.com\/2014\/11\/03\/chronique-montrealite-no-18-breve-histoire-des-ruisseaux-de-montreal\/<\/a><\/li>\n<li>Mich\u00e8le Dagenais (2011), <i>Montr\u00e9al et l\u2019eau<\/i> \u2013 Bor\u00e9al<br \/>\n<a href=\"https:\/\/www.editionsboreal.qc.ca\/catalogue\/livres\/montreal-eau-1870.html\">https:\/\/www.editionsboreal.qc.ca\/catalogue\/livres\/montreal-eau-1870.html<\/a><\/li>\n<li>Marian Scott dans <i>The Gazette<\/i>, 18 avril 2009<i><br \/>\n<\/i><a href=\"https:\/\/montrealgazette.com\/news\/local-news\/from-the-archives-our-islands-lost-rivers\">https:\/\/montrealgazette.com\/news\/local-news\/from-the-archives-our-islands-lost-rivers<\/a><\/li>\n<li>Dany Foug\u00e8res (2006), Des eaux ind\u00e9sirables\u00a0: Montr\u00e9al et ses eaux de surface, 1796-1840 \u2013\u00a0<i>Revue d\u2019histoire de l\u2019Am\u00e9rique fran\u00e7aise<\/i><br \/>\n<a href=\"https:\/\/www.erudit.org\/en\/journals\/haf\/2006-v60-n1-2-haf1466\/014596ar\/\">https:\/\/www.erudit.org\/en\/journals\/haf\/2006-v60-n1-2-haf1466\/014596ar\/<\/a><\/li>\n<li>Robert Gagnon (2006), <i>Questions d\u2019\u00e9gouts<\/i> \u2013 Bor\u00e9al<br \/>\n<a href=\"https:\/\/www.editionsboreal.qc.ca\/catalogue\/livres\/questions-egouts-1429.html\">https:\/\/www.editionsboreal.qc.ca\/catalogue\/livres\/questions-egouts-1429.html<\/a><\/li>\n<\/ul>\n<p><\/p>","protected":false},"excerpt":{"rendered":"<p>Une synth\u00e8se des connaissances sur la g\u00e9ographie physique et humaine du Mile End des 17e, 18e et 19e si\u00e8cles Dimanche 23 avril 2023, 14 h Nous avons quelques indices fragmentaires de pr\u00e9sence autochtone, une bonne id\u00e9e de la g\u00e9ologie du plateau \u00e0 l&#8217;est de la montagne, des hypoth\u00e8ses raisonnables sur les ruisseaux et cours d&#8217;eau, [&hellip;]<\/p>\n","protected":false},"author":2,"featured_media":0,"comment_status":"open","ping_status":"open","sticky":false,"template":"","format":"standard","meta":[],"categories":[1,3],"tags":[],"_links":{"self":[{"href":"http:\/\/memoire.mile-end.qc.ca\/fr\/wp-json\/wp\/v2\/posts\/5996"}],"collection":[{"href":"http:\/\/memoire.mile-end.qc.ca\/fr\/wp-json\/wp\/v2\/posts"}],"about":[{"href":"http:\/\/memoire.mile-end.qc.ca\/fr\/wp-json\/wp\/v2\/types\/post"}],"author":[{"embeddable":true,"href":"http:\/\/memoire.mile-end.qc.ca\/fr\/wp-json\/wp\/v2\/users\/2"}],"replies":[{"embeddable":true,"href":"http:\/\/memoire.mile-end.qc.ca\/fr\/wp-json\/wp\/v2\/comments?post=5996"}],"version-history":[{"count":2,"href":"http:\/\/memoire.mile-end.qc.ca\/fr\/wp-json\/wp\/v2\/posts\/5996\/revisions"}],"predecessor-version":[{"id":6001,"href":"http:\/\/memoire.mile-end.qc.ca\/fr\/wp-json\/wp\/v2\/posts\/5996\/revisions\/6001"}],"wp:attachment":[{"href":"http:\/\/memoire.mile-end.qc.ca\/fr\/wp-json\/wp\/v2\/media?parent=5996"}],"wp:term":[{"taxonomy":"category","embeddable":true,"href":"http:\/\/memoire.mile-end.qc.ca\/fr\/wp-json\/wp\/v2\/categories?post=5996"},{"taxonomy":"post_tag","embeddable":true,"href":"http:\/\/memoire.mile-end.qc.ca\/fr\/wp-json\/wp\/v2\/tags?post=5996"}],"curies":[{"name":"wp","href":"https:\/\/api.w.org\/{rel}","templated":true}]}}