{"id":6005,"date":"2023-05-24T12:34:54","date_gmt":"2023-05-24T16:34:54","guid":{"rendered":"http:\/\/memoire.mile-end.qc.ca\/?p=6005"},"modified":"2023-06-04T10:07:50","modified_gmt":"2023-06-04T14:07:50","slug":"visite-a-pied-les-mutations-de-lest-du-mile-end","status":"publish","type":"post","link":"http:\/\/memoire.mile-end.qc.ca\/fr\/visite-a-pied-les-mutations-de-lest-du-mile-end\/","title":{"rendered":"Visite \u00e0 pied : les mutations de l&#8217;est du Mile End"},"content":{"rendered":"<p><div id=\"attachment_6006\" style=\"width: 1486px\" class=\"wp-caption alignnone\"><a href=\"http:\/\/memoire.mile-end.qc.ca\/wp-content\/uploads\/1966_Saint-Viateur_De_Gaspe\u0301-e1684945931176.png\"><img aria-describedby=\"caption-attachment-6006\" loading=\"lazy\" class=\"size-full wp-image-6006\" src=\"http:\/\/memoire.mile-end.qc.ca\/wp-content\/uploads\/1966_Saint-Viateur_De_Gaspe\u0301-e1684945931176.png\" alt=\"\" width=\"1476\" height=\"819\" srcset=\"http:\/\/memoire.mile-end.qc.ca\/wp-content\/uploads\/1966_Saint-Viateur_De_Gaspe\u0301-e1684945931176.png 1476w, http:\/\/memoire.mile-end.qc.ca\/wp-content\/uploads\/1966_Saint-Viateur_De_Gaspe\u0301-e1684945931176-600x333.png 600w, http:\/\/memoire.mile-end.qc.ca\/wp-content\/uploads\/1966_Saint-Viateur_De_Gaspe\u0301-e1684945931176-1024x568.png 1024w, http:\/\/memoire.mile-end.qc.ca\/wp-content\/uploads\/1966_Saint-Viateur_De_Gaspe\u0301-e1684945931176-768x426.png 768w\" sizes=\"(max-width: 1476px) 100vw, 1476px\" \/><\/a><p id=\"caption-attachment-6006\" class=\"wp-caption-text\">L&#8217;intersection de la rue Saint-Viateur Est et de l&#8217;avenue de Gasp\u00e9, en 1966. Archives de la Ville de Montr\u00e9al, VM94-C0883-010 (d\u00e9tail).<\/p><\/div><\/p>\n<p data-key=\"15\"><span data-key=\"16\">La partie du Mile End situ\u00e9e entre le boulevard Saint-Laurent et la rue Saint-Denis fut domin\u00e9e pendant plus d&#8217;un si\u00e8cle par les activit\u00e9s ferroviaires et industrielles ; un quartier populaire s&#8217;y est greff\u00e9. \u00c0 quoi pouvait bien ressembler ce secteur avant l&#8217;arriv\u00e9e du chemin de fer ? Quels furent les usages ant\u00e9rieurs de l&#8217;actuel Champ des possibles ? Quelle est l&#8217;histoire des immeubles surnomm\u00e9s m\u00e9gastructures ? Nous r\u00e9pondrons \u00e0 ces questions, et \u00e0 beaucoup d&#8217;autres, pendant notre marche \u00e0 travers un secteur en constante mutation. <\/span><\/p>\n<p>La visite sera anim\u00e9e par Yves Desjardins, administrateur de M\u00e9moire du Mile End et auteur de l&#8217;<em data-slate-leaf=\"true\">Histoire du Mile End <\/em>(Septentrion, 2017). Le point de d\u00e9part se fera au 77 Bernard Est, \u00e0 l&#8217;intersection nord-est des rues Saint-Dominique et Bernard Est.<\/p>\n<p><strong>Date et heure :\u00a0<\/strong>Dimanche 4 juin 2023, 13h.<br \/>\n<strong>Lieu :\u00a0<\/strong>77 Bernard Est (Entrep\u00f4t 77), \u00e0 l&#8217;intersection des rues Bernard Est et Saint-Dominique.<br \/>\n<strong>Dur\u00e9e :\u00a0<\/strong>environ deux heures. La visite se terminera au parc Lahaie.<br \/>\n<strong>R\u00e9servation (facultative) sur <a href=\"https:\/\/www.eventbrite.ca\/e\/billets-les-mutations-de-lest-du-mile-end-642244008117\">Eventbrite<\/a>.\u00a0<\/strong>Une contribution volontaire sera appr\u00e9ci\u00e9e.<\/p>","protected":false},"excerpt":{"rendered":"<p>La partie du Mile End situ\u00e9e entre le boulevard Saint-Laurent et la rue Saint-Denis fut domin\u00e9e pendant plus d&#8217;un si\u00e8cle par les activit\u00e9s ferroviaires et industrielles ; un quartier populaire s&#8217;y est greff\u00e9. \u00c0 quoi pouvait bien ressembler ce secteur avant l&#8217;arriv\u00e9e du chemin de fer ? Quels furent les usages ant\u00e9rieurs de l&#8217;actuel Champ [&hellip;]<\/p>\n","protected":false},"author":3,"featured_media":0,"comment_status":"open","ping_status":"open","sticky":false,"template":"","format":"standard","meta":[],"categories":[1,5],"tags":[],"_links":{"self":[{"href":"http:\/\/memoire.mile-end.qc.ca\/fr\/wp-json\/wp\/v2\/posts\/6005"}],"collection":[{"href":"http:\/\/memoire.mile-end.qc.ca\/fr\/wp-json\/wp\/v2\/posts"}],"about":[{"href":"http:\/\/memoire.mile-end.qc.ca\/fr\/wp-json\/wp\/v2\/types\/post"}],"author":[{"embeddable":true,"href":"http:\/\/memoire.mile-end.qc.ca\/fr\/wp-json\/wp\/v2\/users\/3"}],"replies":[{"embeddable":true,"href":"http:\/\/memoire.mile-end.qc.ca\/fr\/wp-json\/wp\/v2\/comments?post=6005"}],"version-history":[{"count":14,"href":"http:\/\/memoire.mile-end.qc.ca\/fr\/wp-json\/wp\/v2\/posts\/6005\/revisions"}],"predecessor-version":[{"id":6035,"href":"http:\/\/memoire.mile-end.qc.ca\/fr\/wp-json\/wp\/v2\/posts\/6005\/revisions\/6035"}],"wp:attachment":[{"href":"http:\/\/memoire.mile-end.qc.ca\/fr\/wp-json\/wp\/v2\/media?parent=6005"}],"wp:term":[{"taxonomy":"category","embeddable":true,"href":"http:\/\/memoire.mile-end.qc.ca\/fr\/wp-json\/wp\/v2\/categories?post=6005"},{"taxonomy":"post_tag","embeddable":true,"href":"http:\/\/memoire.mile-end.qc.ca\/fr\/wp-json\/wp\/v2\/tags?post=6005"}],"curies":[{"name":"wp","href":"https:\/\/api.w.org\/{rel}","templated":true}]}}