{"id":6181,"date":"2024-01-17T00:16:20","date_gmt":"2024-01-17T05:16:20","guid":{"rendered":"http:\/\/memoire.mile-end.qc.ca\/?p=6181"},"modified":"2024-03-26T10:59:31","modified_gmt":"2024-03-26T14:59:31","slug":"macvicar-memorial-church","status":"publish","type":"post","link":"http:\/\/memoire.mile-end.qc.ca\/fr\/macvicar-memorial-church\/","title":{"rendered":"MacVicar Memorial Church"},"content":{"rendered":"<p><strong>5560-5566 rue Hutchison et 1005 avenue Saint-Viateur, Outremont \u2013 1906<br \/>\n\u2013 incendi\u00e9e 1948, reconstruite 1949<br \/>\n\u2013 de 1976 \u00e0 2020, la Montreal Chinese Presbyterian Church<\/strong><\/p>\n<p><em>L\u2019ancienne \u00e9glise presbyt\u00e9rienne MacVicar Memorial est l\u2019un des t\u00e9moins de l\u2019\u00e9poque o\u00f9 les r\u00e9sidents de l\u2019ouest du Mile End \u2013 un quartier alors nomm\u00e9 <a href=\"http:\/\/memoire.mile-end.qc.ca\/fr\/montreal-annex-a-strictly-high-class-suburb\/\" target=\"_blank\" rel=\"noopener\">Montreal Annex<\/a> \u2013 \u00e9taient surtout des m\u00e9nages anglo-protestants. Reflet de la croissance tr\u00e8s rapide du secteur au d\u00e9but du XX<sup>e<\/sup> si\u00e8cle, la <a href=\"http:\/\/memoire.mile-end.qc.ca\/annex-presbyterian-church\/\" target=\"_blank\" rel=\"noopener\">premi\u00e8re \u00e9glise de la congr\u00e9gation<\/a>, ouverte en 1899 au coin des rues Bernard et Jeanne-Mance, est consid\u00e9r\u00e9e comme trop petite d\u00e8s 1905. Une nouvelle \u00e9glise plus spacieuse, situ\u00e9e \u00e0 l\u2019intersection nord-ouest des rues Hutchison et Saint-Viateur, ouvre ses portes l\u2019ann\u00e9e suivante. Elle devra elle-m\u00eame \u00eatre agrandie en 1912.<\/em><\/p>\n<div id=\"attachment_6174\" style=\"width: 1290px\" class=\"wp-caption aligncenter\"><a href=\"http:\/\/memoire.mile-end.qc.ca\/wp-content\/uploads\/MacVicar-Memorial_1910.jpg\"><img aria-describedby=\"caption-attachment-6174\" loading=\"lazy\" class=\"size-full wp-image-6174\" src=\"http:\/\/memoire.mile-end.qc.ca\/wp-content\/uploads\/MacVicar-Memorial_1910.jpg\" alt=\"\" width=\"1280\" height=\"1065\" srcset=\"http:\/\/memoire.mile-end.qc.ca\/wp-content\/uploads\/MacVicar-Memorial_1910.jpg 1280w, http:\/\/memoire.mile-end.qc.ca\/wp-content\/uploads\/MacVicar-Memorial_1910-600x499.jpg 600w, http:\/\/memoire.mile-end.qc.ca\/wp-content\/uploads\/MacVicar-Memorial_1910-1024x852.jpg 1024w, http:\/\/memoire.mile-end.qc.ca\/wp-content\/uploads\/MacVicar-Memorial_1910-768x639.jpg 768w\" sizes=\"(max-width: 1280px) 100vw, 1280px\" \/><\/a><p id=\"caption-attachment-6174\" class=\"wp-caption-text\">La premi\u00e8re \u00e9glise MacVicar Memorial en 1910. L&#8217;article indique qu&#8217;elle sera agrandie sous peu. Montreal Star, 19 novembre 1910 (Albums de rues Massicotte, BAnQ.)<\/p><\/div>\n<p>La nouvelle \u00e9glise presbyt\u00e9rienne de l\u2019Annexe, MacVicar Memorial, est inaugur\u00e9e le 18 septembre 1906. Elle a \u00e9t\u00e9 nomm\u00e9e ainsi pour comm\u00e9morer la m\u00e9moire de <a href=\"http:\/\/www.biographi.ca\/fr\/bio\/macvicar_donald_harvey_13E.html\" target=\"_blank\" rel=\"noopener\">Donald Harvey MacVicar<\/a>, un important dirigeant de cette congr\u00e9gation, d\u00e9c\u00e9d\u00e9 quatre ann\u00e9es auparavant ; celui-ci avait fait de la conversion des Canadiens-fran\u00e7ais au protestantisme le coeur de son apostolat. L\u2019\u00e9glise a \u00e9t\u00e9 con\u00e7ue par la firme d\u2019architectes MacVicar et Heriot : Donald Norman MacVicar est justement l\u2019un des fils du pasteur d\u00e9c\u00e9d\u00e9. De style n\u00e9o-gothique, elle est dot\u00e9e de 400 places et il est d\u00e9j\u00e0 pr\u00e9vu, lors de son inauguration, d\u2019ajouter un balcon, ce qui permettra l\u2019ajout d\u2019une centaine de places. Mais elles ne suffisent pas, puisque la congr\u00e9gation d\u00e9cide d&#8217;agrandir de nouveau l\u2019\u00e9difice \u00e0 peine quatre plus tard : l&#8217;\u00e9glise est situ\u00e9e \u00e0 la fronti\u00e8re entre le Mile End et Outremont, une banlieue alors en fort d\u00e9veloppement. Les travaux, qui se d\u00e9roulent en 1911-1912, sont confi\u00e9s \u00e0 la m\u00eame firme d\u2019architectes. Ils se traduisent par l\u2019ajout d\u2019un clocher et d\u2019une nouvelle aile : la capacit\u00e9 du b\u00e2timent atteint alors 1 200 places.<\/p>\n<div id=\"attachment_6175\" style=\"width: 2570px\" class=\"wp-caption aligncenter\"><a href=\"http:\/\/memoire.mile-end.qc.ca\/wp-content\/uploads\/MacVicar-Muse\u0301e-McCord-scaled.jpeg\"><img aria-describedby=\"caption-attachment-6175\" loading=\"lazy\" class=\"wp-image-6175 size-full\" src=\"http:\/\/memoire.mile-end.qc.ca\/wp-content\/uploads\/MacVicar-Muse\u0301e-McCord-scaled.jpeg\" alt=\"\" width=\"2560\" height=\"2048\" srcset=\"http:\/\/memoire.mile-end.qc.ca\/wp-content\/uploads\/MacVicar-Muse\u0301e-McCord-scaled.jpeg 2560w, http:\/\/memoire.mile-end.qc.ca\/wp-content\/uploads\/MacVicar-Muse\u0301e-McCord-600x480.jpeg 600w, http:\/\/memoire.mile-end.qc.ca\/wp-content\/uploads\/MacVicar-Muse\u0301e-McCord-1024x819.jpeg 1024w, http:\/\/memoire.mile-end.qc.ca\/wp-content\/uploads\/MacVicar-Muse\u0301e-McCord-768x615.jpeg 768w, http:\/\/memoire.mile-end.qc.ca\/wp-content\/uploads\/MacVicar-Muse\u0301e-McCord-1536x1229.jpeg 1536w, http:\/\/memoire.mile-end.qc.ca\/wp-content\/uploads\/MacVicar-Muse\u0301e-McCord-2048x1639.jpeg 2048w\" sizes=\"(max-width: 2560px) 100vw, 2560px\" \/><\/a><p id=\"caption-attachment-6175\" class=\"wp-caption-text\">L&#8217;\u00e9glise MacVicar Memorial vers 1920, apr\u00e8s son agrandissement. <a href=\"https:\/\/collections.musee-mccord-stewart.ca\/fr\/objects\/110628\/mcvicar-memorial-church-rue-hutchison-montreal-qc-vers-1?ctx=4259ca0ad335f48292b7ba54783dac7d5d700bfd&amp;idx=0\" target=\"_blank\" rel=\"noopener\">Mus\u00e9e McCord Stewart MP-0000.587.63.<\/a><\/p><\/div>\n<div id=\"attachment_6176\" style=\"width: 1274px\" class=\"wp-caption aligncenter\"><a href=\"http:\/\/memoire.mile-end.qc.ca\/wp-content\/uploads\/1948_03_08-Gazette_incendie_MacVicar.png\"><img aria-describedby=\"caption-attachment-6176\" loading=\"lazy\" class=\"size-full wp-image-6176\" src=\"http:\/\/memoire.mile-end.qc.ca\/wp-content\/uploads\/1948_03_08-Gazette_incendie_MacVicar.png\" alt=\"\" width=\"1264\" height=\"936\" srcset=\"http:\/\/memoire.mile-end.qc.ca\/wp-content\/uploads\/1948_03_08-Gazette_incendie_MacVicar.png 1264w, http:\/\/memoire.mile-end.qc.ca\/wp-content\/uploads\/1948_03_08-Gazette_incendie_MacVicar-600x444.png 600w, http:\/\/memoire.mile-end.qc.ca\/wp-content\/uploads\/1948_03_08-Gazette_incendie_MacVicar-1024x758.png 1024w, http:\/\/memoire.mile-end.qc.ca\/wp-content\/uploads\/1948_03_08-Gazette_incendie_MacVicar-768x569.png 768w\" sizes=\"(max-width: 1264px) 100vw, 1264px\" \/><\/a><p id=\"caption-attachment-6176\" class=\"wp-caption-text\">L&#8217;\u00e9glise apr\u00e8s l&#8217;incendie. <em>The Gazette<\/em>, 8 mars 1948, p. 13.<\/p><\/div>\n<p>Le 6\u00a0mars 1948, l\u2019\u00e9glise est d\u00e9truite par un incendie ; le froid intense a entrav\u00e9 le travail des pompiers et il ne reste que les murs ext\u00e9rieurs calcin\u00e9s. La congr\u00e9gation d\u00e9cide alors de la reconstruire au m\u00eame emplacement : le nouvel \u00e9difice est inaugur\u00e9 le 23 novembre 1949. Plut\u00f4t que de refaire l\u2019\u00e9glise \u00e0 l\u2019identique, la firme d\u2019architectes Luke, Little and Mace, sp\u00e9cialis\u00e9e dans les b\u00e2timents commerciaux et industriels, choisit un style r\u00e9solument moderne.<\/p>\n<p>L\u2019\u00e9glise chinoise presbyt\u00e9rienne de Montr\u00e9al s\u2019y installe en 1976 : son \u00e9glise originale, situ\u00e9e dans la partie ouest du quartier chinois, avait \u00e9t\u00e9 d\u00e9molie lors de la construction du complexe Guy-Favreau, en d\u00e9pit d\u2019une campagne men\u00e9e par Sauvons Montr\u00e9al. La congr\u00e9gation a d\u00e9m\u00e9nag\u00e9 \u00e0 Verdun en 2020 et l\u2019immeuble a \u00e9t\u00e9 acquis depuis par la communaut\u00e9 hassidique Belz pour en faire une synagogue.<\/p>\n<div id=\"attachment_6177\" style=\"width: 1290px\" class=\"wp-caption aligncenter\"><a href=\"http:\/\/memoire.mile-end.qc.ca\/wp-content\/uploads\/MacVicar_1949.png\"><img aria-describedby=\"caption-attachment-6177\" loading=\"lazy\" class=\"size-full wp-image-6177\" src=\"http:\/\/memoire.mile-end.qc.ca\/wp-content\/uploads\/MacVicar_1949.png\" alt=\"\" width=\"1280\" height=\"1026\" srcset=\"http:\/\/memoire.mile-end.qc.ca\/wp-content\/uploads\/MacVicar_1949.png 1280w, http:\/\/memoire.mile-end.qc.ca\/wp-content\/uploads\/MacVicar_1949-600x481.png 600w, http:\/\/memoire.mile-end.qc.ca\/wp-content\/uploads\/MacVicar_1949-1024x821.png 1024w, http:\/\/memoire.mile-end.qc.ca\/wp-content\/uploads\/MacVicar_1949-768x616.png 768w\" sizes=\"(max-width: 1280px) 100vw, 1280px\" \/><\/a><p id=\"caption-attachment-6177\" class=\"wp-caption-text\">La nouvelle \u00e9glise MacVicar Memorial. <em>Architecture, b\u00e2timent, construction<\/em>, d\u00e9cembre 1949 (BAnQ).<\/p><\/div>\n<p><span style=\"text-decoration: underline;\">Sources<\/span><\/p>\n<ul>\n<li>\u00ab Cornerstone laid \u00bb,\u00a0<em>The Gazette<\/em>, 4 septembre 1905, p. 8.<\/li>\n<li>\u00ab MacVicar Memorial Church Opened \u00bb, <em>The Montreal Daily Witness,\u00a0<\/em>19 mars 1906, p. 7.<\/li>\n<li>John S.\u00a0Moir, \u00ab\u00a0MacVICAR, DONALD HARVEY\u00a0\u00bb, dans\u00a0<em>Dictionnaire biographique du Canada<\/em>, vol. 13, Universit\u00e9 Laval\/University of Toronto, 2003. http:\/\/www.biographi.ca\/fr\/bio\/macvicar_donald_harvey_13F.html<\/li>\n<li>\u00abMacVicar Donald Norman \u00bb, dans\u00a0<em>Biographical Dictionary of Architects in Canada.\u00a0<\/em>En ligne : http:\/\/dictionaryofarchitectsincanada.org\/node\/1459<\/li>\n<li>\u00ab Church destroyed in 3-alarm blaze \u00bb,\u00a0<em>The Gazette,\u00a0<\/em>8 mars 1948, p. 13.<\/li>\n<li>\u00ab A triumph of faith and determination \u00bb,\u00a0<em>The Gazette<\/em>, 24 novembre 1949.<\/li>\n<li>\u00ab Luke, Little and Mace \u00bb, <em>Le site officiel du Mont-Royal<\/em>. En ligne : https:\/\/ville.montreal.qc.ca\/siteofficieldumontroyal\/concepteur\/luke-little-and-mace<\/li>\n<li>Cyrille Felteau, \u00ab Sauvons Montr\u00e9al veut sauver le quartier chinois \u00bb,\u00a0<em>La Presse<\/em>, 5 mai 1976, p. D21.<\/li>\n<li>Site web de la Montreal Chinese Presbyterian Church : https:\/\/www.mtlcpc.org\/<\/li>\n<li>Fr\u00e9d\u00e9ric Dejean,\u00a0<em>Les synagogues hassidiques \u00e0 Outremont et dans le Mile End,\u00a0<\/em>UQAM, D\u00e9partement des sciences des religions, juin 2021.<\/li>\n<li>R\u00f4le d&#8217;\u00e9valuation fonci\u00e8re de la Ville de Montr\u00e9al.<\/li>\n<\/ul>\n<p>Recherche et r\u00e9daction : Yves Desjardins<br \/>\nR\u00e9vision : Justin Bur<\/p>","protected":false},"excerpt":{"rendered":"<p>5560-5566 rue Hutchison et 1005 avenue Saint-Viateur, Outremont \u2013 1906 \u2013 incendi\u00e9e 1948, reconstruite 1949 \u2013 de 1976 \u00e0 2020, la Montreal Chinese Presbyterian Church L\u2019ancienne \u00e9glise presbyt\u00e9rienne MacVicar Memorial est l\u2019un des t\u00e9moins de l\u2019\u00e9poque o\u00f9 les r\u00e9sidents de l\u2019ouest du Mile End \u2013 un quartier alors nomm\u00e9 Montreal Annex \u2013 \u00e9taient surtout des [&hellip;]<\/p>\n","protected":false},"author":5,"featured_media":6175,"comment_status":"open","ping_status":"open","sticky":false,"template":"","format":"standard","meta":[],"categories":[41],"tags":[],"_links":{"self":[{"href":"http:\/\/memoire.mile-end.qc.ca\/fr\/wp-json\/wp\/v2\/posts\/6181"}],"collection":[{"href":"http:\/\/memoire.mile-end.qc.ca\/fr\/wp-json\/wp\/v2\/posts"}],"about":[{"href":"http:\/\/memoire.mile-end.qc.ca\/fr\/wp-json\/wp\/v2\/types\/post"}],"author":[{"embeddable":true,"href":"http:\/\/memoire.mile-end.qc.ca\/fr\/wp-json\/wp\/v2\/users\/5"}],"replies":[{"embeddable":true,"href":"http:\/\/memoire.mile-end.qc.ca\/fr\/wp-json\/wp\/v2\/comments?post=6181"}],"version-history":[{"count":14,"href":"http:\/\/memoire.mile-end.qc.ca\/fr\/wp-json\/wp\/v2\/posts\/6181\/revisions"}],"predecessor-version":[{"id":6270,"href":"http:\/\/memoire.mile-end.qc.ca\/fr\/wp-json\/wp\/v2\/posts\/6181\/revisions\/6270"}],"wp:featuredmedia":[{"embeddable":true,"href":"http:\/\/memoire.mile-end.qc.ca\/fr\/wp-json\/wp\/v2\/media\/6175"}],"wp:attachment":[{"href":"http:\/\/memoire.mile-end.qc.ca\/fr\/wp-json\/wp\/v2\/media?parent=6181"}],"wp:term":[{"taxonomy":"category","embeddable":true,"href":"http:\/\/memoire.mile-end.qc.ca\/fr\/wp-json\/wp\/v2\/categories?post=6181"},{"taxonomy":"post_tag","embeddable":true,"href":"http:\/\/memoire.mile-end.qc.ca\/fr\/wp-json\/wp\/v2\/tags?post=6181"}],"curies":[{"name":"wp","href":"https:\/\/api.w.org\/{rel}","templated":true}]}}