{"id":6586,"date":"2024-11-03T22:02:09","date_gmt":"2024-11-04T03:02:09","guid":{"rendered":"http:\/\/memoire.mile-end.qc.ca\/?p=6586"},"modified":"2024-11-03T22:02:09","modified_gmt":"2024-11-04T03:02:09","slug":"conference-histoire-du-logement-ouvrier-a-montreal","status":"publish","type":"post","link":"http:\/\/memoire.mile-end.qc.ca\/fr\/conference-histoire-du-logement-ouvrier-a-montreal\/","title":{"rendered":"Conf\u00e9rence\u00a0: Histoire du logement ouvrier \u00e0 Montr\u00e9al"},"content":{"rendered":"<p><div id=\"attachment_6587\" style=\"width: 661px\" class=\"wp-caption alignnone\"><img aria-describedby=\"caption-attachment-6587\" loading=\"lazy\" src=\"http:\/\/memoire.mile-end.qc.ca\/wp-content\/uploads\/Photo-Resizer-2024_11_03_01_04_29.jpg\" alt=\"\" width=\"651\" height=\"488\" class=\"size-full wp-image-6587\" srcset=\"http:\/\/memoire.mile-end.qc.ca\/wp-content\/uploads\/Photo-Resizer-2024_11_03_01_04_29.jpg 651w, http:\/\/memoire.mile-end.qc.ca\/wp-content\/uploads\/Photo-Resizer-2024_11_03_01_04_29-600x450.jpg 600w\" sizes=\"(max-width: 651px) 100vw, 651px\" \/><p id=\"caption-attachment-6587\" class=\"wp-caption-text\">Triplex en rang\u00e9e, rue Fabre, 2021 (photo Justin Bur)<\/p><\/div><\/p>\n<p>C&#8217;est quoi au juste, le logement ouvrier? De nos jours, on a tendance \u00e0 appeler \u00abquartier ouvrier\u00bb tout ce qui a \u00e9t\u00e9 construit avant les ann\u00e9es 1930. Mais les maisons en rang\u00e9e des quartiers anciens de Montr\u00e9al r\u00e9v\u00e8lent une diversit\u00e9 de formes, sans compter leur grande vari\u00e9t\u00e9 de rev\u00eatement et d\u2019ornementation. Dans les quartiers de construction plus r\u00e9cente, les rang\u00e9es c\u00e8dent la place aux maisons semi-d\u00e9tach\u00e9es ou individuelles et aux nouvelles formes issues du modernisme.<\/p>\n<p>La conf\u00e9rence illustr\u00e9e donnera une vue d\u2019ensemble de ces types de maison et de leur \u00e9volution, tout en consid\u00e9rant la diff\u00e9rence \u2013 s\u2019il y en a une \u2013 entre logement ouvrier et logement pour la classe moyenne au vingti\u00e8me si\u00e8cle.<\/p>\n<p>Le conf\u00e9rencier sera <strong>Justin Bur<\/strong>, doctorant en \u00e9tudes urbaines \u00e0 l\u2019UQAM et membre du conseil d&#8217;administration de M\u00e9moire du Mile End.<\/p>\n<p><strong>Dimanche 10 novembre 2024, de 14 h \u00e0 15 h 30<\/strong><br \/>\nBiblioth\u00e8que Mordecai-Richler<br \/>\n5434, avenue du Parc Montr\u00e9al H2V 4G7, autobus 80<\/p>\n<p><em>Entr\u00e9e gratuite, r\u00e9servation non requise<\/em><\/p>","protected":false},"excerpt":{"rendered":"<p>C&#8217;est quoi au juste, le logement ouvrier? De nos jours, on a tendance \u00e0 appeler \u00abquartier ouvrier\u00bb tout ce qui a \u00e9t\u00e9 construit avant les ann\u00e9es 1930. Mais les maisons en rang\u00e9e des quartiers anciens de Montr\u00e9al r\u00e9v\u00e8lent une diversit\u00e9 de formes, sans compter leur grande vari\u00e9t\u00e9 de rev\u00eatement et d\u2019ornementation. Dans les quartiers de [&hellip;]<\/p>\n","protected":false},"author":2,"featured_media":0,"comment_status":"open","ping_status":"open","sticky":false,"template":"","format":"standard","meta":[],"categories":[1,3],"tags":[],"_links":{"self":[{"href":"http:\/\/memoire.mile-end.qc.ca\/fr\/wp-json\/wp\/v2\/posts\/6586"}],"collection":[{"href":"http:\/\/memoire.mile-end.qc.ca\/fr\/wp-json\/wp\/v2\/posts"}],"about":[{"href":"http:\/\/memoire.mile-end.qc.ca\/fr\/wp-json\/wp\/v2\/types\/post"}],"author":[{"embeddable":true,"href":"http:\/\/memoire.mile-end.qc.ca\/fr\/wp-json\/wp\/v2\/users\/2"}],"replies":[{"embeddable":true,"href":"http:\/\/memoire.mile-end.qc.ca\/fr\/wp-json\/wp\/v2\/comments?post=6586"}],"version-history":[{"count":1,"href":"http:\/\/memoire.mile-end.qc.ca\/fr\/wp-json\/wp\/v2\/posts\/6586\/revisions"}],"predecessor-version":[{"id":6588,"href":"http:\/\/memoire.mile-end.qc.ca\/fr\/wp-json\/wp\/v2\/posts\/6586\/revisions\/6588"}],"wp:attachment":[{"href":"http:\/\/memoire.mile-end.qc.ca\/fr\/wp-json\/wp\/v2\/media?parent=6586"}],"wp:term":[{"taxonomy":"category","embeddable":true,"href":"http:\/\/memoire.mile-end.qc.ca\/fr\/wp-json\/wp\/v2\/categories?post=6586"},{"taxonomy":"post_tag","embeddable":true,"href":"http:\/\/memoire.mile-end.qc.ca\/fr\/wp-json\/wp\/v2\/tags?post=6586"}],"curies":[{"name":"wp","href":"https:\/\/api.w.org\/{rel}","templated":true}]}}