{"id":6606,"date":"2025-01-08T12:19:21","date_gmt":"2025-01-08T17:19:21","guid":{"rendered":"http:\/\/memoire.mile-end.qc.ca\/?p=6606"},"modified":"2025-01-19T10:59:09","modified_gmt":"2025-01-19T15:59:09","slug":"communautes-juives-du-plateau-aspects-historiques-culturels-et-patrimoniaux","status":"publish","type":"post","link":"http:\/\/memoire.mile-end.qc.ca\/fr\/communautes-juives-du-plateau-aspects-historiques-culturels-et-patrimoniaux\/","title":{"rendered":"Communaut\u00e9s juives du Plateau : aspects historiques, culturels et patrimoniaux"},"content":{"rendered":"<p><div id=\"attachment_6607\" style=\"width: 460px\" class=\"wp-caption alignnone\"><a href=\"http:\/\/memoire.mile-end.qc.ca\/wp-content\/uploads\/Photo-Resizer-2025_01_07_02_02_02.jpg\"><img aria-describedby=\"caption-attachment-6607\" loading=\"lazy\" class=\"wp-image-6607 size-medium\" src=\"http:\/\/memoire.mile-end.qc.ca\/wp-content\/uploads\/Photo-Resizer-2025_01_07_02_02_02-450x600.jpg\" alt=\"\" width=\"450\" height=\"600\" srcset=\"http:\/\/memoire.mile-end.qc.ca\/wp-content\/uploads\/Photo-Resizer-2025_01_07_02_02_02-450x600.jpg 450w, http:\/\/memoire.mile-end.qc.ca\/wp-content\/uploads\/Photo-Resizer-2025_01_07_02_02_02.jpg 488w\" sizes=\"(max-width: 450px) 100vw, 450px\" \/><\/a><p id=\"caption-attachment-6607\" class=\"wp-caption-text\">Annonce dans le Keneder Odler d&#8217;un spectacle de chanteuse yiddish Molly Picon, mars 1932<\/p><\/div><\/p>\n<p>Le dernier <a href=\"https:\/\/histoireplateau.org\/publications-histoire-plateau\/nos-bulletins\/\">bulletin [d\u00e9cembre 2024] de la Soci\u00e9t\u00e9 d&#8217;histoire du Plateau-Mont-Royal<\/a> (notre organisation s\u0153ur) porte sur les aspects historiques, culturels et patrimoniaux des personnes d&#8217;origine juive qui ont v\u00e9cu dans l&#8217;arrondissement ou qui y r\u00e9sident toujours. Il a \u00e9t\u00e9 \u00e9dit\u00e9 par deux membres du M\u00e9moire du Mile End. Notre prochaine activit\u00e9, anim\u00e9e par Melanie Leavitt, r\u00e9unira quelques-uns des contributeurs \u00e0 ce bulletin, dont :<\/p>\n<ul>\n<li>Pierre Anctil : <strong>Le <em>Keneder Odler<\/em>, un quotidien yiddish montr\u00e9alais, 1907-1970<\/strong><\/li>\n<li>Josh \u00ab Socalled \u00bb Dolgin : <strong>Du hip-hop au klezmer, l&#8217;\u00e9volution d&#8217;un musicien juif<\/strong><\/li>\n<li>Yves Desjardins : <strong>La clinique Seigler, collaboration entre un m\u00e9decin canadien-fran\u00e7ais et un \u00e9chevin juif \u00e0 une \u00e9poque domin\u00e9e par l&#8217;antis\u00e9mitisme<\/strong><\/li>\n<li>Joshua Wolfe : <strong>La pr\u00e9servation du <em>shul<\/em> de la rue Bagg (Un pr\u00eatre, un ath\u00e9e et un <em>chamach<\/em> entrent dans une synagogue&#8230;)<\/strong><\/li>\n<\/ul>\n<p>Pr\u00e9sentations en fran\u00e7ais<br \/>\nQuestions et r\u00e9ponses bilingues<br \/>\nLe bulletin sera en vente au prix de 5 $<\/p>\n<p><strong>Dimanche 19 janvier 2025, de 14 h \u00e0 15h30<\/strong><br \/>\nBiblioth\u00e8que Mordecai-Richler<br \/>\n5434, avenue du Parc Montr\u00e9al H2V 4G7, autobus 80<\/p>\n<p><em>Entr\u00e9e gratuite, inscription sugg\u00e9r\u00e9e, mais pas obligatoire \u2013 <a id=\"LPlnk264752\" href=\"https:\/\/forms.office.com\/r\/KJ4rk09Wah\">https:\/\/forms.office.com\/r\/KJ4rk09Wah<\/a> ou par t\u00e9l\u00e9phone au 514-872-2141<\/em><\/p>","protected":false},"excerpt":{"rendered":"<p>Le dernier bulletin [d\u00e9cembre 2024] de la Soci\u00e9t\u00e9 d&#8217;histoire du Plateau-Mont-Royal (notre organisation s\u0153ur) porte sur les aspects historiques, culturels et patrimoniaux des personnes d&#8217;origine juive qui ont v\u00e9cu dans l&#8217;arrondissement ou qui y r\u00e9sident toujours. Il a \u00e9t\u00e9 \u00e9dit\u00e9 par deux membres du M\u00e9moire du Mile End. Notre prochaine activit\u00e9, anim\u00e9e par Melanie Leavitt, [&hellip;]<\/p>\n","protected":false},"author":14,"featured_media":0,"comment_status":"open","ping_status":"open","sticky":false,"template":"","format":"standard","meta":[],"categories":[1,3],"tags":[],"_links":{"self":[{"href":"http:\/\/memoire.mile-end.qc.ca\/fr\/wp-json\/wp\/v2\/posts\/6606"}],"collection":[{"href":"http:\/\/memoire.mile-end.qc.ca\/fr\/wp-json\/wp\/v2\/posts"}],"about":[{"href":"http:\/\/memoire.mile-end.qc.ca\/fr\/wp-json\/wp\/v2\/types\/post"}],"author":[{"embeddable":true,"href":"http:\/\/memoire.mile-end.qc.ca\/fr\/wp-json\/wp\/v2\/users\/14"}],"replies":[{"embeddable":true,"href":"http:\/\/memoire.mile-end.qc.ca\/fr\/wp-json\/wp\/v2\/comments?post=6606"}],"version-history":[{"count":3,"href":"http:\/\/memoire.mile-end.qc.ca\/fr\/wp-json\/wp\/v2\/posts\/6606\/revisions"}],"predecessor-version":[{"id":6611,"href":"http:\/\/memoire.mile-end.qc.ca\/fr\/wp-json\/wp\/v2\/posts\/6606\/revisions\/6611"}],"wp:attachment":[{"href":"http:\/\/memoire.mile-end.qc.ca\/fr\/wp-json\/wp\/v2\/media?parent=6606"}],"wp:term":[{"taxonomy":"category","embeddable":true,"href":"http:\/\/memoire.mile-end.qc.ca\/fr\/wp-json\/wp\/v2\/categories?post=6606"},{"taxonomy":"post_tag","embeddable":true,"href":"http:\/\/memoire.mile-end.qc.ca\/fr\/wp-json\/wp\/v2\/tags?post=6606"}],"curies":[{"name":"wp","href":"https:\/\/api.w.org\/{rel}","templated":true}]}}