{"id":6660,"date":"2025-02-01T14:05:24","date_gmt":"2025-02-01T19:05:24","guid":{"rendered":"http:\/\/memoire.mile-end.qc.ca\/?p=6660"},"modified":"2025-02-09T22:05:21","modified_gmt":"2025-02-10T03:05:21","slug":"reinventer-la-ville-lhistoire-du-monde-a-bicyclette","status":"publish","type":"post","link":"http:\/\/memoire.mile-end.qc.ca\/fr\/reinventer-la-ville-lhistoire-du-monde-a-bicyclette\/","title":{"rendered":"R\u00e9inventer la ville ! L\u2019histoire du Monde \u00e0 bicyclette"},"content":{"rendered":"<p><\/p>\n<h2>Conf\u00e9rence de Jacques Desjardins<\/h2>\n<p><div id=\"attachment_6661\" style=\"width: 610px\" class=\"wp-caption alignnone\"><a href=\"http:\/\/memoire.mile-end.qc.ca\/wp-content\/uploads\/mab_018.jpg\"><img aria-describedby=\"caption-attachment-6661\" loading=\"lazy\" class=\"wp-image-6661 size-medium\" src=\"http:\/\/memoire.mile-end.qc.ca\/wp-content\/uploads\/mab_018-600x409.jpg\" alt=\"\" width=\"600\" height=\"409\" srcset=\"http:\/\/memoire.mile-end.qc.ca\/wp-content\/uploads\/mab_018-600x409.jpg 600w, http:\/\/memoire.mile-end.qc.ca\/wp-content\/uploads\/mab_018-1024x699.jpg 1024w, http:\/\/memoire.mile-end.qc.ca\/wp-content\/uploads\/mab_018-768x524.jpg 768w, http:\/\/memoire.mile-end.qc.ca\/wp-content\/uploads\/mab_018.jpg 1372w\" sizes=\"(max-width: 600px) 100vw, 600px\" \/><\/a><p id=\"caption-attachment-6661\" class=\"wp-caption-text\">\u00abdie-in\u00bb du Monde \u00e0 Bicyclette [Archives Le Monde \u00e0 Bicyclette (Cyclo Nord-Sud)]<\/p><\/div>Le Mile End est le berceau historique du mouvement en faveur des transports actifs et collectifs au Qu\u00e9bec. Le Monde \u00e0 bicyclette \u00e9tait\u00a0le premier groupe de citoyens cycliste et \u00e9cologique au Canada. Gr\u00e2ce \u00e0 des efforts comme des &#8216;cyclodrames&#8217;, il a attir\u00e9 rapidement l\u2019attention du public et des m\u00e9dias lors de sa cr\u00e9ation en 1975.<\/p>\n<p>Notre conf\u00e9rencier pr\u00e9sentera, notamment:<\/p>\n<ul>\n<li>Vingt-cinq ans d&#8217;histoire du Monde \u00e0 bicyclette (1975-2000) et surtout les cinq premi\u00e8res ann\u00e9es.<\/li>\n<li>Les particularit\u00e9s uniques du groupe, politiques, id\u00e9ologiques et culturelles: groupe de pression\/troupe de th\u00e9\u00e2tre politique.<\/li>\n<li>Son h\u00e9ritage: l&#8217;impact qu&#8217;aura eu ce comit\u00e9 de citoyens dans la place du v\u00e9lo au Qu\u00e9bec et sur l&#8217;\u00e9mergence de l&#8217;urbanisme nouveau.<\/li>\n<li>Le r\u00f4le de Bob Silverman et de Claire Morissette, leaders historiques du mouvement.<\/li>\n<\/ul>\n<p>R\u00e9cemment \u00e9lu au conseil d&#8217;administration du M\u00e9moire du Mile End, <strong>Jacques Desjardins<\/strong> est un cofondateur du Monde \u00e0 Bicyclette. Il \u00e9tait aussi fondateur et pr\u00e9sident de V\u00e9loVille de 1979 \u00e0 1984.<\/p>\n<p>Entr\u00e9e gratuite, <span class=\"ml-rte-link-wrapper\"><a href=\"https:\/\/forms.office.com\/pages\/responsepage.aspx?id=3NIVn1OHg0-qwqWCiNOkvBcNVoNAbQhGuLUYVRnyd5dURDZPTzZNSDQwUVFQWlI3Q0JXTURRNjZGWSQlQCN0PWcu&amp;route=shorturl\">inscription sugg\u00e9r\u00e9e<\/a><\/span>* mais pas obligatoire<em><br \/>\n* d\u00e9filer vers le bas de cette page web, jusqu&#8217;au \u00abdimanche 9 f\u00e9vrier\u00bb<\/em><\/p>\n<p><strong>Dimanche 9 f\u00e9vrier 2025, 14 h<\/strong> \u00e0 la biblioth\u00e8que Mordecai-Richler, dans la salle multifonctionnelle \u00e0 l&#8217;\u00e9tage.<em><br \/>\n<\/em><strong>5434 avenue du Parc<\/strong>, H2V 4G7, autobus 80<\/p>\n<hr \/>\n<p>Une p\u00e9tition circule dans le but de demander \u00e0 la Ville de Montr\u00e9al une reconnaissance publique de Robert Silverman par l&#8217;attribution de son nom \u00e0 une piste cyclable montr\u00e9alaise (c&#8217;est le REV Saint-Denis qui est propos\u00e9), de la m\u00eame fa\u00e7on que le nom de Claire Morissette a \u00e9t\u00e9 donn\u00e9 \u00e0 la piste du boulevard De Maisonneuve. Vous pouvez lire et <a href=\"https:\/\/www.change.org\/p\/direction-de-l-expertise-en-patrimoine-et-de-la-toponymie-ville-de-montr%C3%A9al-pour-une-reconnaissance-publique-de-robert-silverman-bicycle-bob-s-legacy-recognition\">signer la p\u00e9tition sur change.org<\/a>.<\/p>","protected":false},"excerpt":{"rendered":"<p>Conf\u00e9rence de Jacques Desjardins Le Mile End est le berceau historique du mouvement en faveur des transports actifs et collectifs au Qu\u00e9bec. Le Monde \u00e0 bicyclette \u00e9tait\u00a0le premier groupe de citoyens cycliste et \u00e9cologique au Canada. Gr\u00e2ce \u00e0 des efforts comme des &#8216;cyclodrames&#8217;, il a attir\u00e9 rapidement l\u2019attention du public et des m\u00e9dias lors de [&hellip;]<\/p>\n","protected":false},"author":3,"featured_media":0,"comment_status":"open","ping_status":"open","sticky":false,"template":"","format":"standard","meta":[],"categories":[1,3],"tags":[],"_links":{"self":[{"href":"http:\/\/memoire.mile-end.qc.ca\/fr\/wp-json\/wp\/v2\/posts\/6660"}],"collection":[{"href":"http:\/\/memoire.mile-end.qc.ca\/fr\/wp-json\/wp\/v2\/posts"}],"about":[{"href":"http:\/\/memoire.mile-end.qc.ca\/fr\/wp-json\/wp\/v2\/types\/post"}],"author":[{"embeddable":true,"href":"http:\/\/memoire.mile-end.qc.ca\/fr\/wp-json\/wp\/v2\/users\/3"}],"replies":[{"embeddable":true,"href":"http:\/\/memoire.mile-end.qc.ca\/fr\/wp-json\/wp\/v2\/comments?post=6660"}],"version-history":[{"count":4,"href":"http:\/\/memoire.mile-end.qc.ca\/fr\/wp-json\/wp\/v2\/posts\/6660\/revisions"}],"predecessor-version":[{"id":6667,"href":"http:\/\/memoire.mile-end.qc.ca\/fr\/wp-json\/wp\/v2\/posts\/6660\/revisions\/6667"}],"wp:attachment":[{"href":"http:\/\/memoire.mile-end.qc.ca\/fr\/wp-json\/wp\/v2\/media?parent=6660"}],"wp:term":[{"taxonomy":"category","embeddable":true,"href":"http:\/\/memoire.mile-end.qc.ca\/fr\/wp-json\/wp\/v2\/categories?post=6660"},{"taxonomy":"post_tag","embeddable":true,"href":"http:\/\/memoire.mile-end.qc.ca\/fr\/wp-json\/wp\/v2\/tags?post=6660"}],"curies":[{"name":"wp","href":"https:\/\/api.w.org\/{rel}","templated":true}]}}