{"id":6669,"date":"2025-04-03T09:24:07","date_gmt":"2025-04-03T13:24:07","guid":{"rendered":"http:\/\/memoire.mile-end.qc.ca\/?p=6669"},"modified":"2025-08-31T23:30:49","modified_gmt":"2025-09-01T03:30:49","slug":"leglise-saint-enfant-jesus-du-mile-end-visite-interieure-et-du-contexte-urbain","status":"publish","type":"post","link":"http:\/\/memoire.mile-end.qc.ca\/fr\/leglise-saint-enfant-jesus-du-mile-end-visite-interieure-et-du-contexte-urbain\/","title":{"rendered":"L&#8217;\u00e9glise Saint-Enfant-J\u00e9sus du Mile-End : visite int\u00e9rieure et du contexte urbain"},"content":{"rendered":"<p>L&#8217;\u00e9glise Saint-Enfant-J\u00e9sus qui domine le parc Lahaie est un rep\u00e8re du quartier, le premier et le plus imposant des lieux de culte du Mile End. L&#8217;\u00e9glise est exceptionnelle par son architecture unique au Qu\u00e9bec et\u00a0par les grands architectes et artistes qui en ont sign\u00e9 la conception et la d\u00e9coration. Elle a stimul\u00e9 et accompagn\u00e9 l\u2019urbanisation de la campagne au nord de Montr\u00e9al au dix-neuvi\u00e8me si\u00e8cle, d\u00e9montrant le r\u00f4le fondamental de l\u2019\u00c9glise catholique dans la soci\u00e9t\u00e9 canadienne-fran\u00e7aise. Cette visite montrera comment ce b\u00e2timent remarquable est le r\u00e9sultat d&#8217;une s\u00e9rie d&#8217;interventions majeures jalonnant un parcours d&#8217;un si\u00e8cle et demi, et comment il fait partie du projet urbain du Mile End.<\/p>\n<p>Visite anim\u00e9e par Nathalie Tremblay et Justin Bur, membres du c.a. de M\u00e9moire du Mile End et de La Main<\/p>\n<div id=\"attachment_4230\" style=\"width: 610px\" class=\"wp-caption alignnone\"><a href=\"http:\/\/memoire.mile-end.qc.ca\/wp-content\/uploads\/Mile-End-Church.jpg\"><img aria-describedby=\"caption-attachment-4230\" loading=\"lazy\" class=\"size-medium wp-image-4230\" src=\"http:\/\/memoire.mile-end.qc.ca\/wp-content\/uploads\/Mile-End-Church-600x382.jpg\" alt=\"\" width=\"600\" height=\"382\" srcset=\"http:\/\/memoire.mile-end.qc.ca\/wp-content\/uploads\/Mile-End-Church-600x382.jpg 600w, http:\/\/memoire.mile-end.qc.ca\/wp-content\/uploads\/Mile-End-Church-768x489.jpg 768w, http:\/\/memoire.mile-end.qc.ca\/wp-content\/uploads\/Mile-End-Church-1024x652.jpg 1024w, http:\/\/memoire.mile-end.qc.ca\/wp-content\/uploads\/Mile-End-Church.jpg 1614w\" sizes=\"(max-width: 600px) 100vw, 600px\" \/><\/a><p id=\"caption-attachment-4230\" class=\"wp-caption-text\">[carte postale, vers 1910 \/ BAnQ, collection Pierre Monette]<\/p><\/div>\n<div>Date et heure: <b>Samedi 12 avril 2025, 14 h<\/b><\/div>\n<div>Point de d\u00e9part: autour de la fontaine, parc Lahaie, rue Saint-Dominique au sud de l&#8217;avenue Laurier<\/div>\n<div>R\u00e9servation gratuite sur\u00a0<a href=\"https:\/\/www.eventbrite.com\/e\/1311853120999\">Eventbrite<\/a><\/div>\n<div>Contribution volontaire<\/div>\n<hr \/>\n<div>Merci \u00e0 l&#8217;arrondissement du Plateau-Mont-Royal pour son soutien aux activit\u00e9s de M\u00e9moire du Mile End et de La Main<\/div>\n<div><img loading=\"lazy\" class=\"aligncenter wp-image-6044\" src=\"http:\/\/memoire.mile-end.qc.ca\/wp-content\/uploads\/Logo_Plateau-Soutenu-par-Coul_2-pouces-1-2.png\" alt=\"\" width=\"229\" height=\"135\" \/><\/div>\n<p><\/p>","protected":false},"excerpt":{"rendered":"<p>L&#8217;\u00e9glise Saint-Enfant-J\u00e9sus qui domine le parc Lahaie est un rep\u00e8re du quartier, le premier et le plus imposant des lieux de culte du Mile End. L&#8217;\u00e9glise est exceptionnelle par son architecture unique au Qu\u00e9bec et\u00a0par les grands architectes et artistes qui en ont sign\u00e9 la conception et la d\u00e9coration. Elle a stimul\u00e9 et accompagn\u00e9 l\u2019urbanisation [&hellip;]<\/p>\n","protected":false},"author":2,"featured_media":4230,"comment_status":"closed","ping_status":"open","sticky":false,"template":"","format":"standard","meta":[],"categories":[1,5],"tags":[],"_links":{"self":[{"href":"http:\/\/memoire.mile-end.qc.ca\/fr\/wp-json\/wp\/v2\/posts\/6669"}],"collection":[{"href":"http:\/\/memoire.mile-end.qc.ca\/fr\/wp-json\/wp\/v2\/posts"}],"about":[{"href":"http:\/\/memoire.mile-end.qc.ca\/fr\/wp-json\/wp\/v2\/types\/post"}],"author":[{"embeddable":true,"href":"http:\/\/memoire.mile-end.qc.ca\/fr\/wp-json\/wp\/v2\/users\/2"}],"replies":[{"embeddable":true,"href":"http:\/\/memoire.mile-end.qc.ca\/fr\/wp-json\/wp\/v2\/comments?post=6669"}],"version-history":[{"count":3,"href":"http:\/\/memoire.mile-end.qc.ca\/fr\/wp-json\/wp\/v2\/posts\/6669\/revisions"}],"predecessor-version":[{"id":6675,"href":"http:\/\/memoire.mile-end.qc.ca\/fr\/wp-json\/wp\/v2\/posts\/6669\/revisions\/6675"}],"wp:featuredmedia":[{"embeddable":true,"href":"http:\/\/memoire.mile-end.qc.ca\/fr\/wp-json\/wp\/v2\/media\/4230"}],"wp:attachment":[{"href":"http:\/\/memoire.mile-end.qc.ca\/fr\/wp-json\/wp\/v2\/media?parent=6669"}],"wp:term":[{"taxonomy":"category","embeddable":true,"href":"http:\/\/memoire.mile-end.qc.ca\/fr\/wp-json\/wp\/v2\/categories?post=6669"},{"taxonomy":"post_tag","embeddable":true,"href":"http:\/\/memoire.mile-end.qc.ca\/fr\/wp-json\/wp\/v2\/tags?post=6669"}],"curies":[{"name":"wp","href":"https:\/\/api.w.org\/{rel}","templated":true}]}}