{"id":6680,"date":"2025-06-09T09:25:05","date_gmt":"2025-06-09T13:25:05","guid":{"rendered":"http:\/\/memoire.mile-end.qc.ca\/?p=6680"},"modified":"2025-06-09T09:25:05","modified_gmt":"2025-06-09T13:25:05","slug":"deux-visites-a-pied-du-patrimoine-naturel","status":"publish","type":"post","link":"http:\/\/memoire.mile-end.qc.ca\/fr\/deux-visites-a-pied-du-patrimoine-naturel\/","title":{"rendered":"Deux visites \u00e0 pied du patrimoine naturel"},"content":{"rendered":"<p><a href=\"http:\/\/memoire.mile-end.qc.ca\/wp-content\/uploads\/agriculture-du-coin.jpg\"><img loading=\"lazy\" src=\"http:\/\/memoire.mile-end.qc.ca\/wp-content\/uploads\/agriculture-du-coin-600x171.jpg\" alt=\"\" width=\"600\" height=\"171\" class=\"alignnone size-medium wp-image-6682\" srcset=\"http:\/\/memoire.mile-end.qc.ca\/wp-content\/uploads\/agriculture-du-coin-600x171.jpg 600w, http:\/\/memoire.mile-end.qc.ca\/wp-content\/uploads\/agriculture-du-coin-768x218.jpg 768w, http:\/\/memoire.mile-end.qc.ca\/wp-content\/uploads\/agriculture-du-coin.jpg 960w\" sizes=\"(max-width: 600px) 100vw, 600px\" \/><\/a><\/p>\n<p>L\u2019agriculture urbaine dans<br \/>\nle Mile End<br \/>\nd\u2019hier \u00e0 aujourd\u2019hui<br \/>\n(visite bilingue)<\/p>\n<p>D\u00e9couvrez l\u2019histoire et l\u2019\u00e9volution insoup\u00e7onn\u00e9e de l\u2019agriculture urbaine \u2013 et \u00ab pr\u00e9-urbaine \u00bb \u2013 dans le Mile End \u00e0 travers plus que 150 ans, de ses racines rurales et agricoles du 19i\u00e8me si\u00e8cle jusqu\u2019\u00e0 aujourd\u2019hui.<\/p>\n<p>Pendant la promenade de deux heures, vous allez d\u00e9couvrir l\u2019histoire des anciennes fermes, vergers, et industries agricoles du Mile End d\u2019antan. Vous allez \u00e9galement apprendre davantage sur les jardins communautaires, les ruelles vertes, sur le site (potentiel) d\u2019une future ferme urbaine aquaponique et sur d\u2019autres initiatives d\u2019urbanisme \u00e9cologique et d\u2019agriculture urbaine contemporaines, avant de terminer avec une visite d\u2019installations hydroponiques chez Agriculture du Coin.<\/p>\n<p>Visite organis\u00e9e par la boutique Agriculture du Coin et anim\u00e9e par Melanie Leavitt, administratrice de M\u00e9moire du Mile End et de La Main.<\/p>\n<p>Date et heure: dimanche 15 juin 2025, 11 h \u00e0 13h<br \/>\nPoint de d\u00e9part: 235 av. Laurier ouest, H2T 2N9<br \/>\nTarif : 20$, <a href=\"https:\/\/checkout.square.site\/merchant\/MLTKKMZDCZ36N\/checkout\/MTLQF6YTXBFTKPNDLTKKSVDT?fbclid=IwY2xjawKtcE1leHRuA2FlbQIxMABicmlkETFubXREZkhwbHM0RDVuZzZZAR5HkKDXT6zjCdzbmCJF4QOGbrlDAZrfyvZZtzqGWZwhXiL-QcuWX3w2HvbGpQ_aem_fzH5ZCeur_kPb1VsjSSuFg\">inscription ici<\/a><\/p>\n<hr\/>\n<div id=\"attachment_6681\" style=\"width: 610px\" class=\"wp-caption alignnone\"><a href=\"http:\/\/memoire.mile-end.qc.ca\/wp-content\/uploads\/champ-ouest.jpg\"><img aria-describedby=\"caption-attachment-6681\" loading=\"lazy\" src=\"http:\/\/memoire.mile-end.qc.ca\/wp-content\/uploads\/champ-ouest-600x303.jpg\" alt=\"\" width=\"600\" height=\"303\" class=\"size-medium wp-image-6681\" srcset=\"http:\/\/memoire.mile-end.qc.ca\/wp-content\/uploads\/champ-ouest-600x303.jpg 600w, http:\/\/memoire.mile-end.qc.ca\/wp-content\/uploads\/champ-ouest-1024x517.jpg 1024w, http:\/\/memoire.mile-end.qc.ca\/wp-content\/uploads\/champ-ouest-768x388.jpg 768w, http:\/\/memoire.mile-end.qc.ca\/wp-content\/uploads\/champ-ouest.jpg 1518w\" sizes=\"(max-width: 600px) 100vw, 600px\" \/><\/a><p id=\"caption-attachment-6681\" class=\"wp-caption-text\">Champ des Possibles en 2009, Marke Ambard<\/p><\/div>\n<p>Les mutations d&#8217;une friche ferroviaire :<br \/>\nla cr\u00e9ation du Champ des Possibles<br \/>\nTour \u00e0 tour for\u00eat de c\u00e8dres et de h\u00eatres, carri\u00e8re, d\u00e9potoir et cour ferroviaire industrielle, le territoire occup\u00e9 par le Champ des Possibles a une histoire riche et vari\u00e9e. Elle voisine aussi le Parc lin\u00e9aire du R\u00e9seau-Vert, situ\u00e9 de l&#8217;autre c\u00f4t\u00e9 de la voie ferr\u00e9e, qui devait \u00eatre le premier maillon d\u2019un corridor vert de plus de 100 kilom\u00e8tres. Si ce grand projet ne s\u2019est pas r\u00e9alis\u00e9, plusieurs initiatives citoyennes ont pris le relais des deux c\u00f4t\u00e9s de la voie ferr\u00e9e. Cette visite permettra de faire le point sur les transformations en cours des friches post-industrielles qui longent le corridor ferroviaire et sur les nombreux d\u00e9fis qui restent \u00e0 relever.<\/p>\n<p>Votre guide: Yves Desjardins, administrateur de M\u00e9moire du Mile End et l&#8217;auteur de l&#8217;Histoire du Mile End publi\u00e9 en 2017 par Septentrion. Activit\u00e9 organis\u00e9e conjointement avec <a href=\"https:\/\/champdespossibles.org\">Les Amis du Champ des Possibles<\/a>.<\/p>\n<p>Date et heure: dimanche 22 juin 2025, 13 h \u00e0 15h<br \/>\nPoint de d\u00e9part: Avenue de Gasp\u00e9 &#038; All\u00e9e Saint-Viateur H2T 2A3<\/p>\n<p>Contribution volontaire, inscription ici via <a href=\"https:\/\/www.eventbrite.ca\/e\/before-the-champ-des-possibles-the-transformation-of-a-wasteland-tickets-1393028338259\">EventBrite<\/a><\/p>","protected":false},"excerpt":{"rendered":"<p>L\u2019agriculture urbaine dans le Mile End d\u2019hier \u00e0 aujourd\u2019hui (visite bilingue) D\u00e9couvrez l\u2019histoire et l\u2019\u00e9volution insoup\u00e7onn\u00e9e de l\u2019agriculture urbaine \u2013 et \u00ab pr\u00e9-urbaine \u00bb \u2013 dans le Mile End \u00e0 travers plus que 150 ans, de ses racines rurales et agricoles du 19i\u00e8me si\u00e8cle jusqu\u2019\u00e0 aujourd\u2019hui. Pendant la promenade de deux heures, vous allez d\u00e9couvrir [&hellip;]<\/p>\n","protected":false},"author":3,"featured_media":0,"comment_status":"open","ping_status":"open","sticky":false,"template":"","format":"standard","meta":[],"categories":[1,5],"tags":[],"_links":{"self":[{"href":"http:\/\/memoire.mile-end.qc.ca\/fr\/wp-json\/wp\/v2\/posts\/6680"}],"collection":[{"href":"http:\/\/memoire.mile-end.qc.ca\/fr\/wp-json\/wp\/v2\/posts"}],"about":[{"href":"http:\/\/memoire.mile-end.qc.ca\/fr\/wp-json\/wp\/v2\/types\/post"}],"author":[{"embeddable":true,"href":"http:\/\/memoire.mile-end.qc.ca\/fr\/wp-json\/wp\/v2\/users\/3"}],"replies":[{"embeddable":true,"href":"http:\/\/memoire.mile-end.qc.ca\/fr\/wp-json\/wp\/v2\/comments?post=6680"}],"version-history":[{"count":1,"href":"http:\/\/memoire.mile-end.qc.ca\/fr\/wp-json\/wp\/v2\/posts\/6680\/revisions"}],"predecessor-version":[{"id":6683,"href":"http:\/\/memoire.mile-end.qc.ca\/fr\/wp-json\/wp\/v2\/posts\/6680\/revisions\/6683"}],"wp:attachment":[{"href":"http:\/\/memoire.mile-end.qc.ca\/fr\/wp-json\/wp\/v2\/media?parent=6680"}],"wp:term":[{"taxonomy":"category","embeddable":true,"href":"http:\/\/memoire.mile-end.qc.ca\/fr\/wp-json\/wp\/v2\/categories?post=6680"},{"taxonomy":"post_tag","embeddable":true,"href":"http:\/\/memoire.mile-end.qc.ca\/fr\/wp-json\/wp\/v2\/tags?post=6680"}],"curies":[{"name":"wp","href":"https:\/\/api.w.org\/{rel}","templated":true}]}}