{"id":6689,"date":"2025-07-05T11:02:31","date_gmt":"2025-07-05T15:02:31","guid":{"rendered":"http:\/\/memoire.mile-end.qc.ca\/?p=6689"},"modified":"2025-07-05T11:02:31","modified_gmt":"2025-07-05T15:02:31","slug":"balades-historiques-sur-la-main-2025","status":"publish","type":"post","link":"http:\/\/memoire.mile-end.qc.ca\/fr\/balades-historiques-sur-la-main-2025\/","title":{"rendered":"Balades historiques sur La Main 2025"},"content":{"rendered":"<p>En collaboration avec la <strong>Soci\u00e9t\u00e9 de d\u00e9veloppement du Boulevard Saint-Laurent<\/strong>, M\u00e9moire du Mile End et de La Main pr\u00e9sente une <a href=\"https:\/\/boulevardsaintlaurent.com\/fr\/event\/balades-historiques-sur-la-main\/\"><em>s\u00e9rie de balades historiques<\/em><\/a>.<\/p>\n<p>Trois guides, trois approches diff\u00e9rentes pour explorer l\u2019histoire, l\u2019architecture et la richesse culturelle du boulevard.<\/p>\n<p>Elles auront lieu sept vendredis matins, du 11 juillet au 22 ao\u00fbt 2025. On part \u00e0 10 h 30 du parc du Portugal \u2013 mais <a href=\"https:\/\/www.eventbrite.com\/cc\/balades-historiques-sur-la-main-4442883\">munissez-vous d&#8217;un billet gratuit<\/a> avant d&#8217;arriver !<\/p>\n<p><div id=\"attachment_6690\" style=\"width: 610px\" class=\"wp-caption alignnone\"><a href=\"http:\/\/memoire.mile-end.qc.ca\/wp-content\/uploads\/1000003406-crop-scaled.jpg\"><img aria-describedby=\"caption-attachment-6690\" loading=\"lazy\" src=\"http:\/\/memoire.mile-end.qc.ca\/wp-content\/uploads\/1000003406-crop-600x300.jpg\" alt=\"\" width=\"600\" height=\"300\" class=\"size-medium wp-image-6690\" srcset=\"http:\/\/memoire.mile-end.qc.ca\/wp-content\/uploads\/1000003406-crop-600x300.jpg 600w, http:\/\/memoire.mile-end.qc.ca\/wp-content\/uploads\/1000003406-crop-1024x512.jpg 1024w, http:\/\/memoire.mile-end.qc.ca\/wp-content\/uploads\/1000003406-crop-768x384.jpg 768w, http:\/\/memoire.mile-end.qc.ca\/wp-content\/uploads\/1000003406-crop-1536x768.jpg 1536w, http:\/\/memoire.mile-end.qc.ca\/wp-content\/uploads\/1000003406-crop-2048x1024.jpg 2048w\" sizes=\"(max-width: 600px) 100vw, 600px\" \/><\/a><p id=\"caption-attachment-6690\" class=\"wp-caption-text\">Murale de L\u00e9onard Cohen, par Kevin Ledo, 2017 [photo Jacques Desjardins 2025]<\/p><\/div><\/p>","protected":false},"excerpt":{"rendered":"<p>En collaboration avec la Soci\u00e9t\u00e9 de d\u00e9veloppement du Boulevard Saint-Laurent, M\u00e9moire du Mile End et de La Main pr\u00e9sente une s\u00e9rie de balades historiques. Trois guides, trois approches diff\u00e9rentes pour explorer l\u2019histoire, l\u2019architecture et la richesse culturelle du boulevard. Elles auront lieu sept vendredis matins, du 11 juillet au 22 ao\u00fbt 2025. On part \u00e0 [&hellip;]<\/p>\n","protected":false},"author":2,"featured_media":0,"comment_status":"open","ping_status":"open","sticky":false,"template":"","format":"standard","meta":[],"categories":[1,5],"tags":[],"_links":{"self":[{"href":"http:\/\/memoire.mile-end.qc.ca\/fr\/wp-json\/wp\/v2\/posts\/6689"}],"collection":[{"href":"http:\/\/memoire.mile-end.qc.ca\/fr\/wp-json\/wp\/v2\/posts"}],"about":[{"href":"http:\/\/memoire.mile-end.qc.ca\/fr\/wp-json\/wp\/v2\/types\/post"}],"author":[{"embeddable":true,"href":"http:\/\/memoire.mile-end.qc.ca\/fr\/wp-json\/wp\/v2\/users\/2"}],"replies":[{"embeddable":true,"href":"http:\/\/memoire.mile-end.qc.ca\/fr\/wp-json\/wp\/v2\/comments?post=6689"}],"version-history":[{"count":1,"href":"http:\/\/memoire.mile-end.qc.ca\/fr\/wp-json\/wp\/v2\/posts\/6689\/revisions"}],"predecessor-version":[{"id":6691,"href":"http:\/\/memoire.mile-end.qc.ca\/fr\/wp-json\/wp\/v2\/posts\/6689\/revisions\/6691"}],"wp:attachment":[{"href":"http:\/\/memoire.mile-end.qc.ca\/fr\/wp-json\/wp\/v2\/media?parent=6689"}],"wp:term":[{"taxonomy":"category","embeddable":true,"href":"http:\/\/memoire.mile-end.qc.ca\/fr\/wp-json\/wp\/v2\/categories?post=6689"},{"taxonomy":"post_tag","embeddable":true,"href":"http:\/\/memoire.mile-end.qc.ca\/fr\/wp-json\/wp\/v2\/tags?post=6689"}],"curies":[{"name":"wp","href":"https:\/\/api.w.org\/{rel}","templated":true}]}}