{"id":6701,"date":"2025-08-22T22:26:44","date_gmt":"2025-08-23T02:26:44","guid":{"rendered":"http:\/\/memoire.mile-end.qc.ca\/?p=6701"},"modified":"2025-08-22T22:26:44","modified_gmt":"2025-08-23T02:26:44","slug":"le-champ-des-possibles-et-le-parc-des-gorilles","status":"publish","type":"post","link":"http:\/\/memoire.mile-end.qc.ca\/fr\/le-champ-des-possibles-et-le-parc-des-gorilles\/","title":{"rendered":"Le Champ des Possibles et le parc des Gorilles"},"content":{"rendered":"<p><em><strong>NB: Cette visite affiche complet. Mais vous pouvez vous inscrire \u00e0 la version anglaise (le m\u00eame jour, d\u00e9part 30 min plus tard) en suivant <a href=\"https:\/\/www.eventbrite.ca\/e\/1568146511429?aff=oddtdtcreator\">ce lien<\/a>. Les guides seront heureux de r\u00e9pondre aux questions en fran\u00e7ais !<\/strong><\/em><\/p>\n<p><img loading=\"lazy\" class=\"alignnone size-medium wp-image-6702\" src=\"http:\/\/memoire.mile-end.qc.ca\/wp-content\/uploads\/mme-adcp-gorilles-600x300.jpg\" alt=\"\" width=\"600\" height=\"300\" srcset=\"http:\/\/memoire.mile-end.qc.ca\/wp-content\/uploads\/mme-adcp-gorilles-600x300.jpg 600w, http:\/\/memoire.mile-end.qc.ca\/wp-content\/uploads\/mme-adcp-gorilles-1024x512.jpg 1024w, http:\/\/memoire.mile-end.qc.ca\/wp-content\/uploads\/mme-adcp-gorilles-768x384.jpg 768w, http:\/\/memoire.mile-end.qc.ca\/wp-content\/uploads\/mme-adcp-gorilles.jpg 1198w\" sizes=\"(max-width: 600px) 100vw, 600px\" \/><\/p>\n<p>Tous deux cr\u00e9\u00e9s gr\u00e2ce \u00e0 des mobilisations communautaires, le Champ des Possibles et le Parc des Gorilles sont des espaces verts occupants d\u2019anciennes friches ferroviaires. Ils sont reli\u00e9s entre eux par le Parc lin\u00e9aire du R\u00e9seau-Vert, un projet inachev\u00e9, inaugur\u00e9 en 1994. Au cours de cette promenade, anim\u00e9e par des membres de <em>M\u00e9moire du Mile End et de La Main<\/em> et des <em>AmiEs du Parc des Gorilles<\/em>, vous d\u00e9couvrirez l\u2019histoire passionnante de ces lieux, depuis l\u2019\u00e9poque des carri\u00e8res de pierre jusqu\u2019\u00e0 celle de la renaturalisation de ce qui \u00e9tait alors consid\u00e9r\u00e9 comme des terrains vagues destin\u00e9s au \u00ab red\u00e9veloppement \u00bb.<\/p>\n<p>La visite d\u2019environ trois heures commencera \u00e0 l\u2019entr\u00e9e de l\u2019All\u00e9e Saint-Viateur et de l\u2019Avenue de Gasp\u00e9 du Champ des Possibles, pour se terminer au Parc des Gorilles \u00e0 l\u2019intersection des rues Saint-Zotique et de l\u2019Esplanade. Cette activit\u00e9 est organis\u00e9e conjointement par les Amis du Champ des Possibles, les AmiEs du Parc des Gorilles et M\u00e9moire du Mile End et de La Main.<\/p>\n<p>Inscription requise sur <a href=\"https:\/\/www.eventbrite.ca\/e\/le-champ-des-possibles-et-le-parc-des-gorilles-tickets-1567708982769\">Eventbrite<\/a> [COMPLET]<\/p>\n<p>Dimanche 31 ao\u00fbt 2025, de 13 h \u00e0 16 h<\/p>","protected":false},"excerpt":{"rendered":"<p>NB: Cette visite affiche complet. Mais vous pouvez vous inscrire \u00e0 la version anglaise (le m\u00eame jour, d\u00e9part 30 min plus tard) en suivant ce lien. Les guides seront heureux de r\u00e9pondre aux questions en fran\u00e7ais ! Tous deux cr\u00e9\u00e9s gr\u00e2ce \u00e0 des mobilisations communautaires, le Champ des Possibles et le Parc des Gorilles sont [&hellip;]<\/p>\n","protected":false},"author":3,"featured_media":6702,"comment_status":"open","ping_status":"open","sticky":false,"template":"","format":"standard","meta":[],"categories":[2,1,5],"tags":[],"_links":{"self":[{"href":"http:\/\/memoire.mile-end.qc.ca\/fr\/wp-json\/wp\/v2\/posts\/6701"}],"collection":[{"href":"http:\/\/memoire.mile-end.qc.ca\/fr\/wp-json\/wp\/v2\/posts"}],"about":[{"href":"http:\/\/memoire.mile-end.qc.ca\/fr\/wp-json\/wp\/v2\/types\/post"}],"author":[{"embeddable":true,"href":"http:\/\/memoire.mile-end.qc.ca\/fr\/wp-json\/wp\/v2\/users\/3"}],"replies":[{"embeddable":true,"href":"http:\/\/memoire.mile-end.qc.ca\/fr\/wp-json\/wp\/v2\/comments?post=6701"}],"version-history":[{"count":1,"href":"http:\/\/memoire.mile-end.qc.ca\/fr\/wp-json\/wp\/v2\/posts\/6701\/revisions"}],"predecessor-version":[{"id":6703,"href":"http:\/\/memoire.mile-end.qc.ca\/fr\/wp-json\/wp\/v2\/posts\/6701\/revisions\/6703"}],"wp:featuredmedia":[{"embeddable":true,"href":"http:\/\/memoire.mile-end.qc.ca\/fr\/wp-json\/wp\/v2\/media\/6702"}],"wp:attachment":[{"href":"http:\/\/memoire.mile-end.qc.ca\/fr\/wp-json\/wp\/v2\/media?parent=6701"}],"wp:term":[{"taxonomy":"category","embeddable":true,"href":"http:\/\/memoire.mile-end.qc.ca\/fr\/wp-json\/wp\/v2\/categories?post=6701"},{"taxonomy":"post_tag","embeddable":true,"href":"http:\/\/memoire.mile-end.qc.ca\/fr\/wp-json\/wp\/v2\/tags?post=6701"}],"curies":[{"name":"wp","href":"https:\/\/api.w.org\/{rel}","templated":true}]}}