{"id":674,"date":"2011-11-13T22:26:43","date_gmt":"2011-11-14T03:26:43","guid":{"rendered":"http:\/\/mile-end.qc.ca\/?p=674"},"modified":"2013-12-27T22:18:51","modified_gmt":"2013-12-28T03:18:51","slug":"festival-nomade-2011","status":"publish","type":"post","link":"http:\/\/memoire.mile-end.qc.ca\/fr\/festival-nomade-2011\/","title":{"rendered":"Festival Nomade 2011"},"content":{"rendered":"<p>M\u00e9moire du Mile End a le plaisir de vous transmettre cette annonce de notre membre honoraire Atigh Ould.<\/p>\n<p><a href=\"http:\/\/memoire.mile-end.qc.ca\/wp-content\/uploads\/final-nomade-logoCLOSE.jpg\"><img loading=\"lazy\" class=\"aligncenter size-medium wp-image-675\" title=\"logo festival nomade\" alt=\"\" src=\"http:\/\/memoire.mile-end.qc.ca\/wp-content\/uploads\/final-nomade-logoCLOSE-300x190.jpg\" width=\"300\" height=\"190\" srcset=\"http:\/\/memoire.mile-end.qc.ca\/wp-content\/uploads\/final-nomade-logoCLOSE-300x190.jpg 300w, http:\/\/memoire.mile-end.qc.ca\/wp-content\/uploads\/final-nomade-logoCLOSE.jpg 945w\" sizes=\"(max-width: 300px) 100vw, 300px\" \/><\/a><\/p>\n<p>Les festivals Nomade r\u00e9unissent des nomades de partout au monde dans des \u00e9v\u00e9nements \u00e0 Montr\u00e9al et en Mauritanie. Il s&#8217;agit d&#8217;un hommage \u00e0 la culture nomade qui incorpore de la musique, des projections de films, une course de chameaux, un vernissage, des discussions en table ronde, de la com\u00e9die, et plus encore. Les festivals ne se limitent pas \u00e0 c\u00e9l\u00e9brer une culture ancienne \u2013 on met \u00e9galement en vedette la vie nomade contemporaine.<\/p>\n<p><strong>Le festival Nomade de Montr\u00e9al aura lieu du 6 au 11 d\u00e9cembre chez Nomad Nation, 129 avenue Van Horne.<\/strong><\/p>\n<p>D\u00e9couvrez toutes les nouvelles et les infos du festival sur notre site web: <a href=\"http:\/\/www.nomadefestival.com\/\">http:\/\/www.nomadefestival.com\/<\/a><\/p>\n<p>Si vous assistez au festival Nomade de Montr\u00e9al, on vous fera danser comme un chameau! Regardez notre vid\u00e9o promotionnelle: <a href=\"http:\/\/www.youtube.com\/watch?v=FmOXX902gII\">http:\/\/www.youtube.com\/watch?v=FmOXX902gII<\/a><\/p>","protected":false},"excerpt":{"rendered":"<p>M\u00e9moire du Mile End a le plaisir de vous transmettre cette annonce de notre membre honoraire Atigh Ould. Les festivals Nomade r\u00e9unissent des nomades de partout au monde dans des \u00e9v\u00e9nements \u00e0 Montr\u00e9al et en Mauritanie. Il s&#8217;agit d&#8217;un hommage \u00e0 la culture nomade qui incorpore de la musique, des projections de films, une course [&hellip;]<\/p>\n","protected":false},"author":2,"featured_media":0,"comment_status":"closed","ping_status":"closed","sticky":false,"template":"","format":"standard","meta":[],"categories":[2,1],"tags":[],"_links":{"self":[{"href":"http:\/\/memoire.mile-end.qc.ca\/fr\/wp-json\/wp\/v2\/posts\/674"}],"collection":[{"href":"http:\/\/memoire.mile-end.qc.ca\/fr\/wp-json\/wp\/v2\/posts"}],"about":[{"href":"http:\/\/memoire.mile-end.qc.ca\/fr\/wp-json\/wp\/v2\/types\/post"}],"author":[{"embeddable":true,"href":"http:\/\/memoire.mile-end.qc.ca\/fr\/wp-json\/wp\/v2\/users\/2"}],"replies":[{"embeddable":true,"href":"http:\/\/memoire.mile-end.qc.ca\/fr\/wp-json\/wp\/v2\/comments?post=674"}],"version-history":[{"count":4,"href":"http:\/\/memoire.mile-end.qc.ca\/fr\/wp-json\/wp\/v2\/posts\/674\/revisions"}],"predecessor-version":[{"id":2242,"href":"http:\/\/memoire.mile-end.qc.ca\/fr\/wp-json\/wp\/v2\/posts\/674\/revisions\/2242"}],"wp:attachment":[{"href":"http:\/\/memoire.mile-end.qc.ca\/fr\/wp-json\/wp\/v2\/media?parent=674"}],"wp:term":[{"taxonomy":"category","embeddable":true,"href":"http:\/\/memoire.mile-end.qc.ca\/fr\/wp-json\/wp\/v2\/categories?post=674"},{"taxonomy":"post_tag","embeddable":true,"href":"http:\/\/memoire.mile-end.qc.ca\/fr\/wp-json\/wp\/v2\/tags?post=674"}],"curies":[{"name":"wp","href":"https:\/\/api.w.org\/{rel}","templated":true}]}}