{"id":6850,"date":"2026-08-22T22:11:06","date_gmt":"2026-08-23T02:11:06","guid":{"rendered":"http:\/\/memoire.mile-end.qc.ca\/fr\/?p=6850"},"modified":"2026-08-22T22:17:05","modified_gmt":"2026-08-23T02:17:05","slug":"eglise-saint-enfant-jesus-visite-lors-des-journees-du-patrimoine-religieux","status":"publish","type":"post","link":"http:\/\/memoire.mile-end.qc.ca\/fr\/eglise-saint-enfant-jesus-visite-lors-des-journees-du-patrimoine-religieux\/","title":{"rendered":"\u00c9glise Saint-Enfant-J\u00e9sus \u2013 visite lors des Journ\u00e9es du patrimoine religieux"},"content":{"rendered":"<p><\/p>\n<p style=\"font-weight: 400;\">Dans le cadre des <a href=\"https:\/\/www.journeesdupatrimoinereligieux.ca\">Journ\u00e9es du patrimoine religieux 2026<\/a>, nous vous proposons de venir d\u00e9couvrir, ou red\u00e9couvrir, la magnifique \u00e9glise <strong>Saint-Enfant-J\u00e9sus<\/strong> du Mile End.<\/p>\n<div id=\"attachment_6696\" style=\"width: 610px\" class=\"wp-caption alignnone\"><a href=\"http:\/\/memoire.mile-end.qc.ca\/wp-content\/uploads\/StEJ.jpg\"><img aria-describedby=\"caption-attachment-6696\" loading=\"lazy\" class=\"size-medium wp-image-6696\" src=\"http:\/\/memoire.mile-end.qc.ca\/wp-content\/uploads\/StEJ-600x447.jpg\" alt=\"Saint-Enfant-J\u00e9sus - ext\u00e9rieur\" width=\"600\" height=\"447\" srcset=\"http:\/\/memoire.mile-end.qc.ca\/wp-content\/uploads\/StEJ-600x447.jpg 600w, http:\/\/memoire.mile-end.qc.ca\/wp-content\/uploads\/StEJ.jpg 684w\" sizes=\"(max-width: 600px) 100vw, 600px\" \/><\/a><p id=\"caption-attachment-6696\" class=\"wp-caption-text\">[photo Nathalie Tremblay, 2024]<\/p><\/div>\n<p style=\"font-weight: 400;\">L\u2019\u00e9glise qui domine le parc Lahaie est un rep\u00e8re du quartier, le premier et le plus imposant des lieux de culte du Mile End. Elle est exceptionnelle par son architecture unique au Qu\u00e9bec et par les grands architectes et artistes qui en ont sign\u00e9 la conception et la d\u00e9coration. Elle a stimul\u00e9 et accompagn\u00e9 l\u2019urbanisation de la campagne au nord de Montr\u00e9al au dix-neuvi\u00e8me si\u00e8cle, d\u00e9montrant le r\u00f4le fondamental de l\u2019\u00c9glise catholique dans la soci\u00e9t\u00e9 canadienne-fran\u00e7aise.<\/p>\n<div id=\"attachment_6697\" style=\"width: 459px\" class=\"wp-caption alignnone\"><a href=\"http:\/\/memoire.mile-end.qc.ca\/wp-content\/uploads\/StEJint.jpg\"><img aria-describedby=\"caption-attachment-6697\" loading=\"lazy\" class=\"size-medium wp-image-6697\" src=\"http:\/\/memoire.mile-end.qc.ca\/wp-content\/uploads\/StEJint-449x600.jpg\" alt=\"Saint-Enfant-J\u00e9sus - int\u00e9rieur\" width=\"449\" height=\"600\" srcset=\"http:\/\/memoire.mile-end.qc.ca\/wp-content\/uploads\/StEJint-449x600.jpg 449w, http:\/\/memoire.mile-end.qc.ca\/wp-content\/uploads\/StEJint.jpg 571w\" sizes=\"(max-width: 449px) 100vw, 449px\" \/><\/a><p id=\"caption-attachment-6697\" class=\"wp-caption-text\">[photo Nathalie Tremblay, 2024]<\/p><\/div>\n<p style=\"font-weight: 400;\"><strong>\u00c9glise Saint-Enfant-J\u00e9sus<\/strong> du Mile End, 5039 rue Saint-Dominique (m\u00e9tro Laurier + 10 min de marche, ou autobus 55\u2013Saint-Laurent jusqu&#8217;\u00e0 Laurier)<\/p>\n<p style=\"font-weight: 400;\"><strong>Dimanche 13 septembre<\/strong> 2026, une activit\u00e9 combin\u00e9e sera offerte\u00a0:<\/p>\n<p><strong>De 13\u00a0h \u00e0 15\u00a0h<\/strong> \u2013 Une visite guid\u00e9e de l\u2019\u00e9glise bonifi\u00e9e d\u2019une pr\u00e9sentation d\u2019images projet\u00e9es sur \u00e9cran. Gr\u00e2ce \u00e0 cette formule combin\u00e9e, vous en apprendrez sur son histoire, son architecture, ses concepteurs et artistes qui ont contribu\u00e9 \u00e0 en faire le b\u00e2timent exceptionnel qu\u2019il est aujourd\u2019hui. Vous comprendrez aussi comment ce b\u00e2timent remarquable est le r\u00e9sultat d\u2019une s\u00e9rie d\u2019interventions majeures jalonnant un parcours d\u2019un si\u00e8cle et demi, et comment il fait partie du projet urbain du Mile End.<\/p>\n<p style=\"font-weight: 400;\"><strong>De 15 h \u00e0 16 h<\/strong>, l\u2019\u00e9glise restera ouverte pour la curiosit\u00e9 des visiteurs, et les guides seront pr\u00e9sents pour r\u00e9pondre aux questions des personnes int\u00e9ress\u00e9es.<\/p>\n<p style=\"font-weight: 400;\">Activit\u00e9 anim\u00e9e par Nathalie Tremblay et Justin Bur, membres du c.a. de M\u00e9moire du Mile End et de La Main<\/p>\n<p><\/p>","protected":false},"excerpt":{"rendered":"<p>Dans le cadre des Journ\u00e9es du patrimoine religieux 2026, nous vous proposons de venir d\u00e9couvrir, ou red\u00e9couvrir, la magnifique \u00e9glise Saint-Enfant-J\u00e9sus du Mile End. L\u2019\u00e9glise qui domine le parc Lahaie est un rep\u00e8re du quartier, le premier et le plus imposant des lieux de culte du Mile End. Elle est exceptionnelle par son architecture unique [&hellip;]<\/p>\n","protected":false},"author":2,"featured_media":6696,"comment_status":"open","ping_status":"open","sticky":false,"template":"","format":"standard","meta":[],"categories":[1,5],"tags":[],"_links":{"self":[{"href":"http:\/\/memoire.mile-end.qc.ca\/fr\/wp-json\/wp\/v2\/posts\/6850"}],"collection":[{"href":"http:\/\/memoire.mile-end.qc.ca\/fr\/wp-json\/wp\/v2\/posts"}],"about":[{"href":"http:\/\/memoire.mile-end.qc.ca\/fr\/wp-json\/wp\/v2\/types\/post"}],"author":[{"embeddable":true,"href":"http:\/\/memoire.mile-end.qc.ca\/fr\/wp-json\/wp\/v2\/users\/2"}],"replies":[{"embeddable":true,"href":"http:\/\/memoire.mile-end.qc.ca\/fr\/wp-json\/wp\/v2\/comments?post=6850"}],"version-history":[{"count":3,"href":"http:\/\/memoire.mile-end.qc.ca\/fr\/wp-json\/wp\/v2\/posts\/6850\/revisions"}],"predecessor-version":[{"id":6853,"href":"http:\/\/memoire.mile-end.qc.ca\/fr\/wp-json\/wp\/v2\/posts\/6850\/revisions\/6853"}],"wp:featuredmedia":[{"embeddable":true,"href":"http:\/\/memoire.mile-end.qc.ca\/fr\/wp-json\/wp\/v2\/media\/6696"}],"wp:attachment":[{"href":"http:\/\/memoire.mile-end.qc.ca\/fr\/wp-json\/wp\/v2\/media?parent=6850"}],"wp:term":[{"taxonomy":"category","embeddable":true,"href":"http:\/\/memoire.mile-end.qc.ca\/fr\/wp-json\/wp\/v2\/categories?post=6850"},{"taxonomy":"post_tag","embeddable":true,"href":"http:\/\/memoire.mile-end.qc.ca\/fr\/wp-json\/wp\/v2\/tags?post=6850"}],"curies":[{"name":"wp","href":"https:\/\/api.w.org\/{rel}","templated":true}]}}