{"id":709,"date":"2012-02-19T11:32:10","date_gmt":"2012-02-19T16:32:10","guid":{"rendered":"http:\/\/mile-end.qc.ca\/?p=709"},"modified":"2013-12-27T22:19:47","modified_gmt":"2013-12-28T03:19:47","slug":"culture-de-quartier-lattrait-du-mile-end-aujourdhui","status":"publish","type":"post","link":"http:\/\/memoire.mile-end.qc.ca\/fr\/culture-de-quartier-lattrait-du-mile-end-aujourdhui\/","title":{"rendered":"Culture de quartier : l\u2019attrait du Mile End aujourd\u2019hui"},"content":{"rendered":"<p><\/p>\n<div>\n<p><em>Conf\u00e9rence\u2013discussion<\/em><\/p>\n<p><strong>Culture de quartier : l\u2019attrait du Mile End aujourd\u2019hui<\/strong><\/p>\n<p><strong>Norma Rantisi<\/strong>, g\u00e9ographe<\/p>\n<p><em>En discussion avec<br \/>\n<\/em><strong>Will Straw<\/strong>, directeur, Institut d\u2019\u00e9tudes canadiennes de McGill<br \/>\n<strong>Guillaume \u00c9thier<\/strong>, musicien et sociologue<\/p>\n<p>Qu&#8217;est-ce qui attire les artistes et cr\u00e9ateurs dans le Mile End ? Norma Rantisi a \u00e9tudi\u00e9 le lien entre les caract\u00e9ristiques du Mile End (architecture, espaces de rencontres) et le d\u00e9veloppement du secteur de la cr\u00e9ation. En ouvrant la discussion avec Will Straw et Guillaume Ethier, ainsi qu&#8217;avec le public, cette rencontre s\u2019attachera \u00e0 comprendre les raisons pour lesquelles le secteur cr\u00e9atif, notamment la sc\u00e8ne musicale, s\u2019y est d\u00e9velopp\u00e9. On se demandera \u00e9galement quelles sont les retomb\u00e9es de cet engouement pour le quartier.<\/p>\n<div>\n<hr \/>\n<div><strong>Dimanche 4 mars 2012, de 13 h \u00e0 15 h<\/strong><\/div>\n<div><strong> <\/strong><strong>Th\u00e9\u00e2tre Rialto<br \/>\n5723 avenue du Parc, Montr\u00e9al<\/strong> (angle Bernard \u2013 autobus 80, 160)<em>Co\u00fbt:<\/em> Gratuit<\/div>\n<p><em>Langues:<\/em><br \/>\nConf\u00e9rence en <strong>anglais<\/strong> avec r\u00e9sum\u00e9 fran\u00e7ais, discussion bilingue<\/p>\n<p><a href=\"http:\/\/memoire.mile-end.qc.ca\/wp-content\/uploads\/MME-affiche.120304.createurs.pdf\">Affiche (PDF)<\/a><\/p>\n<\/div>\n<hr \/>\n<p><em> M\u00e9moire du Mile End <\/em>est un organisme \u00e0 but non lucratif d\u00e9di\u00e9 au patrimoine, \u00e0 l\u2019histoire et \u00e0 la culture du quartier Mile End.<br \/>\nVoir notre <a href=\"\/?page_id=72\">programme d&#8217;activit\u00e9s de l&#8217;ann\u00e9e 2012.<\/a><\/p>\n<\/div>\n<p><\/p>","protected":false},"excerpt":{"rendered":"<p>Conf\u00e9rence\u2013discussion Culture de quartier : l\u2019attrait du Mile End aujourd\u2019hui Norma Rantisi, g\u00e9ographe En discussion avec Will Straw, directeur, Institut d\u2019\u00e9tudes canadiennes de McGill Guillaume \u00c9thier, musicien et sociologue Qu&#8217;est-ce qui attire les artistes et cr\u00e9ateurs dans le Mile End ? Norma Rantisi a \u00e9tudi\u00e9 le lien entre les caract\u00e9ristiques du Mile End (architecture, espaces [&hellip;]<\/p>\n","protected":false},"author":2,"featured_media":0,"comment_status":"closed","ping_status":"closed","sticky":false,"template":"","format":"standard","meta":[],"categories":[1,3],"tags":[],"_links":{"self":[{"href":"http:\/\/memoire.mile-end.qc.ca\/fr\/wp-json\/wp\/v2\/posts\/709"}],"collection":[{"href":"http:\/\/memoire.mile-end.qc.ca\/fr\/wp-json\/wp\/v2\/posts"}],"about":[{"href":"http:\/\/memoire.mile-end.qc.ca\/fr\/wp-json\/wp\/v2\/types\/post"}],"author":[{"embeddable":true,"href":"http:\/\/memoire.mile-end.qc.ca\/fr\/wp-json\/wp\/v2\/users\/2"}],"replies":[{"embeddable":true,"href":"http:\/\/memoire.mile-end.qc.ca\/fr\/wp-json\/wp\/v2\/comments?post=709"}],"version-history":[{"count":5,"href":"http:\/\/memoire.mile-end.qc.ca\/fr\/wp-json\/wp\/v2\/posts\/709\/revisions"}],"predecessor-version":[{"id":2352,"href":"http:\/\/memoire.mile-end.qc.ca\/fr\/wp-json\/wp\/v2\/posts\/709\/revisions\/2352"}],"wp:attachment":[{"href":"http:\/\/memoire.mile-end.qc.ca\/fr\/wp-json\/wp\/v2\/media?parent=709"}],"wp:term":[{"taxonomy":"category","embeddable":true,"href":"http:\/\/memoire.mile-end.qc.ca\/fr\/wp-json\/wp\/v2\/categories?post=709"},{"taxonomy":"post_tag","embeddable":true,"href":"http:\/\/memoire.mile-end.qc.ca\/fr\/wp-json\/wp\/v2\/tags?post=709"}],"curies":[{"name":"wp","href":"https:\/\/api.w.org\/{rel}","templated":true}]}}